{"id":671,"date":"2020-02-10T10:08:39","date_gmt":"2020-02-10T09:08:39","guid":{"rendered":"https:\/\/expertosenetica.com\/?p=671"},"modified":"2020-02-10T10:08:39","modified_gmt":"2020-02-10T09:08:39","slug":"es-progreso-la-eutanasia","status":"publish","type":"post","link":"https:\/\/expertosenetica.com\/index.php\/2020\/02\/10\/es-progreso-la-eutanasia\/","title":{"rendered":"\u00bfEs progreso la eutanasia?"},"content":{"rendered":"\n<p class=\"wp-block-paragraph\">(Ref religionenlibertad.com)<\/p>\n\n\n\n<p class=\"wp-block-paragraph\">Jeanne Delpierre&nbsp;pidi\u00f3 la eutanasia. No ten\u00eda un c\u00e1ncer avanzado, ni\nninguna otra \u201cenfermedad grave e incurable\u201d, requisito exigido por la ley\nbelga.&nbsp;Su dolencia incurable era la vejez&nbsp;(88 a\u00f1os), y las \u201cpatolog\u00edas\nm\u00faltiples\u201d asociadas a ella: artrosis, p\u00e9rdida de vista y o\u00eddo\u2026<\/p>\n\n\n\n<p class=\"wp-block-paragraph\">A Jeanne Delpierre la mataron. Igual que al&nbsp;senador Brongersma&nbsp;en\nHolanda, en un caso que alcanz\u00f3 eco medi\u00e1tico en 1998 porque fue uno de los\nprimeros en que se autoriz\u00f3 la eutanasia por \u201csufrimiento psicol\u00f3gico\u201d. En este caso,\nla soledad: \u201cNo queda vivo nadie que me interese\u201d.&nbsp;En el Benelux, faro del\nprogreso eutan\u00e1sico, cada vez hay m\u00e1s personas que piden y obtienen la muerte&nbsp;<a href=\"https:\/\/www.elconfidencial.com\/mundo\/2018-01-26\/eutanasia-holanda-aurelia-por-fin-muero-enferma_1511786\/\">por simples trastornos\nemocionales<\/a>, o por prevenci\u00f3n\nde un sufrimiento futuro (diagnosticados de <a href=\"https:\/\/eldebatedehoy.es\/ciencia\/perros-cancer\/\">c\u00e1ncer<\/a>&nbsp;o&nbsp;<a href=\"https:\/\/eldebatedehoy.es\/ciencia\/alzheimer-tratamiento\/\">Alzheimer<\/a>, en las primeras fases).<\/p>\n\n\n\n<p class=\"wp-block-paragraph\">En&nbsp;<a href=\"https:\/\/eldebatedehoy.es\/sociedad\/espana-vacia\/\">nuestras sociedades envejecidas<\/a>, la masa de ancianos enfrentados al declive f\u00edsico y\nmental, a la depresi\u00f3n y a la soledad va a crecer vertiginosamente:&nbsp;est\u00e1 llegando\na la tercera edad la generaci\u00f3n que protagoniz\u00f3 la revoluci\u00f3n sexual-familiar\nen los 60, con su secuela de divorcios y escasa natalidad. Muchos&nbsp;<em>baby boomers<\/em>&nbsp;no han tenido hijos, o muy pocos: les espera una\nvejez muy triste en hospicios o domicilios solitarios. Su sostenimiento econ\u00f3mico-sanitario resultar\u00e1\ncada vez m\u00e1s gravoso.<\/p>\n\n\n\n<p class=\"wp-block-paragraph\">Dig\u00e1moslo sin rodeos:&nbsp;existe un riesgo\ncierto de que se empuje m\u00e1s o menos sutilmente a la eutanasia a cada vez m\u00e1s\nviejos. Bastar\u00e1 con convencerlos de que el tramo final de la vida, con sus\npenalidades, es&nbsp;<em>lebensunwert<\/em>,\n\u201cindigno de ser vivido\u201d (s\u00ed, es el t\u00e9rmino que us\u00f3 la legislaci\u00f3n nazi para\njustificar el exterminio de deficientes: programa Aktion T4). Tambi\u00e9n se les presionar\u00e1\ncon la idea de que son un lastre para los j\u00f3venes. Cuando la noci\u00f3n de que \u201clo\ndigno es no imponer la propia decadencia a los dem\u00e1s\u201d se incorpore a la cultura\nambiental, la carga de la prueba recaer\u00e1 sobre el que desee seguir viviendo m\u00e1s\nall\u00e1 de cierta edad.<\/p>\n\n\n\n<p class=\"wp-block-paragraph\"><strong>La <\/strong><strong>\u00ab<\/strong><strong>pendiente resbaladiza\u00bb <\/strong><strong>del Gobierno<\/strong><strong><\/strong><\/p>\n\n\n\n<p class=\"wp-block-paragraph\">Nuestro Gobierno de progreso est\u00e1 dispuesto a\nembarcar a la sociedad en ese formidable avance. Claro,&nbsp;dir\u00e1n que la eutanasia\nsolo se va a permitir en casos extremos de sufrimiento insoportable e incurable\u2026\nEs lo que ya hicieron con el aborto. La experiencia demuestra que, una vez\nderribado el principio de indisponibilidad de la vida, la deriva\njurisprudencial y de opini\u00f3n p\u00fablica conduce a una interpretaci\u00f3n cada vez m\u00e1s\nlaxa de los requisitos legales. Y finalmente, a la reforma de la ley, para\nacomodarla a la praxis permisiva ya convertida en hecho consumado. La \u201cpendiente resbaladiza\u201d\nse ve confirmada una y otra vez en asuntos bio\u00e9ticos.<\/p>\n\n\n\n<p class=\"wp-block-paragraph\">Holanda ya ha servido como laboratorio de la\neutanasia durante 40 a\u00f1os (tolerada de hecho por los tribunales desde los 70,\nregulada desde 2001), y B\u00e9lgica\ndurante 20 (regulada en 2002). La evoluci\u00f3n\nen ambos pa\u00edses es la que sintetiz\u00f3&nbsp;Herbert Hendin&nbsp;en&nbsp;<a href=\"https:\/\/www.planetadelibros.com\/libro-seducidos-por-la-muerte\/10496\">Seducidos por la muerte<\/a>: \u201cDesde la eutanasia de enfermos terminales se ha pasado a\nla de enfermos cr\u00f3nicos; desde la de enfermedades f\u00edsicas, a la de enfermedades\npsicol\u00f3gicas; desde la voluntaria, a la involuntaria\u201d. Y, por tanto, crece en\nflecha el n\u00famero de casos: en B\u00e9lgica, de unos 200 anuales al principio a unos\n2.500 hoy.&nbsp;En Holanda, se ha estimado que un 15% de las muertes se producen\nya por eutanasia. El control es&nbsp;<em>a posteriori<\/em>:\nlos m\u00e9dicos deben informar a la Comisi\u00f3n de Control\u2026 cuando ya se ha pasaportado al\npaciente. Adem\u00e1s, la comisi\u00f3n est\u00e1 formada mayoritariamente por partidarios de\nla eutanasia. La alternativa a la eutanasia no es una agon\u00eda horrible.&nbsp;Vivimos en\nuna \u00e9poca en que casi todos los sufrimientos son atenuables por medio de la\nmedicina. Los partidarios de la eutanasia intentan embrollarlo todo, confundi\u00e9ndola\ncon los cuidados paliativos (CP) en el concepto borroso de \u201cmuerte digna\u201d. Pero\nlos CP no buscan dar la muerte, sino mejorar la calidad de vida en la fase\nfinal de una enfermedad dolorosa. Tampoco la sedaci\u00f3n terminal debe ser\nconfundida con la eutanasia: no busca provocar la muerte, sino dulcificar la agon\u00eda.<\/p>\n\n\n\n<p class=\"wp-block-paragraph\">Pero los CP son muy caros. En Espa\u00f1a, que fue\npionera en ese campo,&nbsp;la inversi\u00f3n en paliativos est\u00e1 congelada desde hace\nd\u00e9cadas. Aunque el Plan Bolonia preve\u00eda que las universidades europeas\ndesarrollasen los CP como una especialidad m\u00e1s de los estudios m\u00e9dicos, solo 6\nde 43 Facultades de Medicina espa\u00f1olas la imparten con car\u00e1cter obligatorio.\nExiste una Estrategia Nacional de Cuidados Paliativos\u2026 que ha quedado en agua\nde borrajas, pues la comisi\u00f3n lleva tres a\u00f1os sin reunirse, y no se ha dise\u00f1ado\nel Plan Nacional de rigor. Unos 75.000 pacientes necesitados de CP carecen de\nellos.<\/p>\n","protected":false},"excerpt":{"rendered":"<p>(Ref religionenlibertad.com) Jeanne Delpierre&nbsp;pidi\u00f3 la eutanasia. No ten\u00eda un c\u00e1ncer avanzado, ni ninguna otra \u201cenfermedad grave e incurable\u201d, requisito exigido por la ley belga.&nbsp;Su dolencia incurable era la vejez&nbsp;(88 a\u00f1os), y las \u201cpatolog\u00edas m\u00faltiples\u201d asociadas a ella: artrosis, p\u00e9rdida de vista y o\u00eddo\u2026 A Jeanne Delpierre la mataron. Igual que al&nbsp;senador Brongersma&nbsp;en Holanda, en un&#8230;<\/p>\n","protected":false},"author":1,"featured_media":672,"comment_status":"closed","ping_status":"open","sticky":false,"template":"","format":"standard","meta":{"_kadence_starter_templates_imported_post":false,"_kad_post_transparent":"","_kad_post_title":"","_kad_post_layout":"","_kad_post_sidebar_id":"","_kad_post_content_style":"","_kad_post_vertical_padding":"","_kad_post_feature":"","_kad_post_feature_position":"","_kad_post_header":false,"_kad_post_footer":false,"_kad_post_classname":"","_jetpack_newsletter_access":"","_jetpack_dont_email_post_to_subs":false,"_jetpack_newsletter_tier_id":0,"_jetpack_memberships_contains_paywalled_content":false,"_jetpack_memberships_contains_paid_content":false,"footnotes":""},"categories":[5],"tags":[19],"class_list":["post-671","post","type-post","status-publish","format-standard","has-post-thumbnail","hentry","category-eutanasia","tag-eutanasia"],"jetpack_sharing_enabled":true,"jetpack_featured_media_url":"https:\/\/expertosenetica.com\/wp-content\/uploads\/2020\/02\/1492592890_548107_1498070337_noticia_normal.jpg","post_mailing_queue_ids":[],"_links":{"self":[{"href":"https:\/\/expertosenetica.com\/index.php\/wp-json\/wp\/v2\/posts\/671","targetHints":{"allow":["GET"]}}],"collection":[{"href":"https:\/\/expertosenetica.com\/index.php\/wp-json\/wp\/v2\/posts"}],"about":[{"href":"https:\/\/expertosenetica.com\/index.php\/wp-json\/wp\/v2\/types\/post"}],"author":[{"embeddable":true,"href":"https:\/\/expertosenetica.com\/index.php\/wp-json\/wp\/v2\/users\/1"}],"replies":[{"embeddable":true,"href":"https:\/\/expertosenetica.com\/index.php\/wp-json\/wp\/v2\/comments?post=671"}],"version-history":[{"count":0,"href":"https:\/\/expertosenetica.com\/index.php\/wp-json\/wp\/v2\/posts\/671\/revisions"}],"wp:featuredmedia":[{"embeddable":true,"href":"https:\/\/expertosenetica.com\/index.php\/wp-json\/wp\/v2\/media\/672"}],"wp:attachment":[{"href":"https:\/\/expertosenetica.com\/index.php\/wp-json\/wp\/v2\/media?parent=671"}],"wp:term":[{"taxonomy":"category","embeddable":true,"href":"https:\/\/expertosenetica.com\/index.php\/wp-json\/wp\/v2\/categories?post=671"},{"taxonomy":"post_tag","embeddable":true,"href":"https:\/\/expertosenetica.com\/index.php\/wp-json\/wp\/v2\/tags?post=671"}],"curies":[{"name":"wp","href":"https:\/\/api.w.org\/{rel}","templated":true}]}}