{"id":675,"date":"2020-02-17T12:44:16","date_gmt":"2020-02-17T11:44:16","guid":{"rendered":"https:\/\/expertosenetica.com\/?p=675"},"modified":"2020-02-17T12:44:16","modified_gmt":"2020-02-17T11:44:16","slug":"mi-cuidado-mi-derecho","status":"publish","type":"post","link":"https:\/\/expertosenetica.com\/index.php\/2020\/02\/17\/mi-cuidado-mi-derecho\/","title":{"rendered":"Mi cuidado mi derecho"},"content":{"rendered":"\n<ol class=\"wp-block-list\"><li>Se legaliza la eutanasia como derecho a que una persona elija que acaben con su vida si hay sufrimiento insoportable, sin posible alivio, por enfermedad o discapacidad grave.<\/li><li>Sin posibilidad de alivio no debe ser por ausencia de alternativas  que lo aliven.<\/li><li>Entre las primeras causas de deseo de adelantar la muerte est\u00e1 el  sentirse una carga. En las enfermedades avanzadas y terminales no da tiempo a acceder a la ayuda a la dependencia.<\/li><li>M\u00e1s de 38.000 pacientes por a\u00f1o ( m\u00e1s de 100\/d\u00eda) mueren con la dependencia reconocida pero sin percibir la prestaci\u00f3n. y miles esperando 6 meses para ser valorados.<\/li><li>El enfoque de C. Paliativos alivia el sufrimiento en esos casos. El 75% de los fallecidos necesita recibirlo desde Atenci\u00f3n Primaria (unos 375.000 de los 410.000 fallecidos al a\u00f1o).<\/li><li>La Atenci\u00f3n Primaria, saturada, aspira a tener, al menos, 10<br> minutos por paciente, sin lograrlo a\u00fan hoy. Tiene dif\u00edcil asistir<br> actividades de formaci\u00f3n en Cuidados Paliativos. Los casos<br> complejos requieren atenci\u00f3n compartida con recursos avanzados de Cuidados Paliativos que son insuficientes en el momento actual.<\/li><li>El 60% de muertes por c\u00e1ncer y el 30% de otras muertes son casos complejos, unos 125.000 por a\u00f1o. pero los Recursos Avanzados de Cuidados Paliativos sola pueden atender a 52.000 casos por a\u00f1o.<\/li><li>El dolor dif\u00edcil en enfermedad o la discapacidad grave, requiere<br> Unidades de Dolor. Sus profesionales manifiestan ser insuficientes les faltan medios y psic\u00f3logos para hacer bien su trabajo.<\/li><li>Sin acceso a la ayuda a la dependencia, paliativos en A. Primaria, U. de Dolor y recursos de C. Paliativos, la eutanasia no ser\u00eda una elecci\u00f3n libre. Es una elecci\u00f3n por ausencia de recursos que generen una alternativa real, viable y eficaz.<\/li><li>Pidamos acuerdos en pol\u00edticas sociosanitarias que alivien el<br> sufrimiento en los supuestos contemplados en la ley de eutanasia, sin resultado pol\u00edtico a corto plazo.<\/li><\/ol>\n","protected":false},"excerpt":{"rendered":"<p>Se legaliza la eutanasia como derecho a que una persona elija que acaben con su vida si hay sufrimiento insoportable, sin posible alivio, por enfermedad o discapacidad grave. Sin posibilidad de alivio no debe ser por ausencia de alternativas que lo aliven. Entre las primeras causas de deseo de adelantar la muerte est\u00e1 el sentirse&#8230;<\/p>\n","protected":false},"author":1,"featured_media":676,"comment_status":"closed","ping_status":"open","sticky":false,"template":"","format":"standard","meta":{"_kadence_starter_templates_imported_post":false,"_kad_post_transparent":"","_kad_post_title":"","_kad_post_layout":"","_kad_post_sidebar_id":"","_kad_post_content_style":"","_kad_post_vertical_padding":"","_kad_post_feature":"","_kad_post_feature_position":"","_kad_post_header":false,"_kad_post_footer":false,"_kad_post_classname":"","_jetpack_newsletter_access":"","_jetpack_dont_email_post_to_subs":false,"_jetpack_newsletter_tier_id":0,"_jetpack_memberships_contains_paywalled_content":false,"_jetpack_memberships_contains_paid_content":false,"footnotes":""},"categories":[11,12,9,5],"tags":[20,19],"class_list":["post-675","post","type-post","status-publish","format-standard","has-post-thumbnail","hentry","category-deontologia","category-etica-general","category-etica-medica","category-eutanasia","tag-cuidados-paliativos","tag-eutanasia"],"jetpack_sharing_enabled":true,"jetpack_featured_media_url":"https:\/\/expertosenetica.com\/wp-content\/uploads\/2020\/02\/cuidados-paleativos-655x368-1.jpg","post_mailing_queue_ids":[],"_links":{"self":[{"href":"https:\/\/expertosenetica.com\/index.php\/wp-json\/wp\/v2\/posts\/675","targetHints":{"allow":["GET"]}}],"collection":[{"href":"https:\/\/expertosenetica.com\/index.php\/wp-json\/wp\/v2\/posts"}],"about":[{"href":"https:\/\/expertosenetica.com\/index.php\/wp-json\/wp\/v2\/types\/post"}],"author":[{"embeddable":true,"href":"https:\/\/expertosenetica.com\/index.php\/wp-json\/wp\/v2\/users\/1"}],"replies":[{"embeddable":true,"href":"https:\/\/expertosenetica.com\/index.php\/wp-json\/wp\/v2\/comments?post=675"}],"version-history":[{"count":0,"href":"https:\/\/expertosenetica.com\/index.php\/wp-json\/wp\/v2\/posts\/675\/revisions"}],"wp:featuredmedia":[{"embeddable":true,"href":"https:\/\/expertosenetica.com\/index.php\/wp-json\/wp\/v2\/media\/676"}],"wp:attachment":[{"href":"https:\/\/expertosenetica.com\/index.php\/wp-json\/wp\/v2\/media?parent=675"}],"wp:term":[{"taxonomy":"category","embeddable":true,"href":"https:\/\/expertosenetica.com\/index.php\/wp-json\/wp\/v2\/categories?post=675"},{"taxonomy":"post_tag","embeddable":true,"href":"https:\/\/expertosenetica.com\/index.php\/wp-json\/wp\/v2\/tags?post=675"}],"curies":[{"name":"wp","href":"https:\/\/api.w.org\/{rel}","templated":true}]}}