{"id":698,"date":"2020-03-17T13:30:27","date_gmt":"2020-03-17T12:30:27","guid":{"rendered":"https:\/\/expertosenetica.com\/?p=698"},"modified":"2020-03-17T13:30:27","modified_gmt":"2020-03-17T12:30:27","slug":"el-cacm-hace-una-llamada-a-la-responsabilidad-de-la-sociedad-ante-el-coronavirus","status":"publish","type":"post","link":"https:\/\/expertosenetica.com\/index.php\/2020\/03\/17\/el-cacm-hace-una-llamada-a-la-responsabilidad-de-la-sociedad-ante-el-coronavirus\/","title":{"rendered":"El CACM hace una llamada a la responsabilidad de la sociedad ante el Coronavirus"},"content":{"rendered":"\n<p class=\"wp-block-paragraph\">El pleno de presidentes del&nbsp;<a href=\"https:\/\/cacm.es\/\">Consejo Andaluz de Colegios de M\u00e9dicos<\/a>&nbsp;(CACM), a petici\u00f3n de la&nbsp;<a href=\"https:\/\/cacm.es\/deontologia\/\">Comisi\u00f3n de Deontolog\u00eda y \u00c9tica<\/a>&nbsp;del Consejo Andaluz de Colegios de M\u00e9dicos, aprueba el siguiente posicionamiento.<\/p>\n\n\n\n<p class=\"wp-block-paragraph\">La Comisi\u00f3n de Deontolog\u00eda y \u00c9tica del Consejo Andaluz de Colegios de M\u00e9dicos quiere hacer p\u00fablica su posici\u00f3n ante la actual epidemia por coronavirus (COVID-19) sum\u00e1ndose a la llamada general a la responsabilidad de todas las personas y estamentos implicados&nbsp; para actuar del modo m\u00e1s eficaz posible ante esta emergencia sanitaria. Para ello, destacamos los siguientes aspectos:<\/p>\n\n\n\n<p class=\"wp-block-paragraph\">1.- Aplicar una correcta pol\u00edtica sanitaria exige&nbsp;<strong>conjugar un conjunto de derechos y deberes<\/strong>&nbsp; desde un compromiso \u00e9tico y cient\u00edfico compartido entre los gestores pol\u00edticos, los profesionales sanitarios responsables de la asistencia y los ciudadanos.<\/p>\n\n\n\n<p class=\"wp-block-paragraph\">2.- Es deber de la administraci\u00f3n sanitaria poner al servicio de quienes prestan la asistencia&nbsp;<strong>todos los recursos posibles para la seguridad de los pacientes y los profesionales<\/strong>, con sentido de eficacia, eficiencia, equidad y justicia.<\/p>\n\n\n\n<p class=\"wp-block-paragraph\">3.- Los m\u00e9dicos y resto de profesionales sanitarios, como han hecho siempre a lo largo de la historia, est\u00e1n cumpliendo su\u00a0<strong>deber deontol\u00f3gico de estar junto a los pacientes, necesitando el apoyo y colaboraci\u00f3n de todos.\u00a0<\/strong>Apoyamos el incremento de los recursos humanos y materiales que las necesidades vayan generando, para que nuestra sanidad siga ofreciendo la seguridad y calidad que la caracteriza.<\/p>\n\n\n\n<p class=\"wp-block-paragraph\">4.-Esta Comisi\u00f3n se pone\u00a0<strong>al servicio de todos los m\u00e9dicos y de los ciudadanos para asesorar en cuantos conflictos \u00e9ticos y deontol\u00f3gicos\u00a0<\/strong>que con seguridad se plantear\u00e1n en la evoluci\u00f3n de la presente pandemia.\u00a0El derecho a la informaci\u00f3n debe contemplar el derecho al secreto m\u00e9dico y la limitaci\u00f3n de recursos que pudieran plantearse, exigir\u00e1 un cambio en el paradigma de los principios \u00e9ticos que se suelen aplicar, dando prioridad a los principios de justicia y de beneficencia.<\/p>\n\n\n\n<p class=\"wp-block-paragraph\">5.- Consideramos que el control de la actual epidemia depende, en gran medida, de todos y cada uno de los ciudadanos, que estamos&nbsp;<strong>obligados a cumplir con responsabilidad<\/strong>&nbsp;todas las indicaciones que transmitan las autoridades sanitarias a trav\u00e9s de informaciones oficiales.<\/p>\n\n\n\n<p class=\"wp-block-paragraph\">6.- La estrategia preventiva de contenci\u00f3n de la epidemia, en la que estamos actualmente, supone una&nbsp;<strong>responsabilidad personal y un compromiso \u00e9tico<\/strong>&nbsp;que todos hemos de cumplir; la disminuci\u00f3n de los contactos comunitarios y el cumplimiento de medidas higi\u00e9nicas limitan la difusi\u00f3n del contagio y el progreso de la epidemia, lo cual es obligado para el mejor aprovechamiento de los recursos sanitarios.<\/p>\n","protected":false},"excerpt":{"rendered":"<p>El pleno de presidentes del&nbsp;Consejo Andaluz de Colegios de M\u00e9dicos&nbsp;(CACM), a petici\u00f3n de la&nbsp;Comisi\u00f3n de Deontolog\u00eda y \u00c9tica&nbsp;del Consejo Andaluz de Colegios de M\u00e9dicos, aprueba el siguiente posicionamiento. La Comisi\u00f3n de Deontolog\u00eda y \u00c9tica del Consejo Andaluz de Colegios de M\u00e9dicos quiere hacer p\u00fablica su posici\u00f3n ante la actual epidemia por coronavirus (COVID-19) sum\u00e1ndose a&#8230;<\/p>\n","protected":false},"author":1,"featured_media":699,"comment_status":"closed","ping_status":"open","sticky":false,"template":"","format":"standard","meta":{"_kadence_starter_templates_imported_post":false,"_kad_post_transparent":"","_kad_post_title":"","_kad_post_layout":"","_kad_post_sidebar_id":"","_kad_post_content_style":"","_kad_post_vertical_padding":"","_kad_post_feature":"","_kad_post_feature_position":"","_kad_post_header":false,"_kad_post_footer":false,"_kad_post_classname":"","_jetpack_newsletter_access":"","_jetpack_dont_email_post_to_subs":false,"_jetpack_newsletter_tier_id":0,"_jetpack_memberships_contains_paywalled_content":false,"_jetpack_memberships_contains_paid_content":false,"footnotes":""},"categories":[12,9],"tags":[25,26],"class_list":["post-698","post","type-post","status-publish","format-standard","has-post-thumbnail","hentry","category-etica-general","category-etica-medica","tag-cam","tag-coronavirus"],"jetpack_sharing_enabled":true,"jetpack_featured_media_url":"https:\/\/expertosenetica.com\/wp-content\/uploads\/2020\/03\/emergencias-cacm-1024x683-1.jpg","post_mailing_queue_ids":[],"_links":{"self":[{"href":"https:\/\/expertosenetica.com\/index.php\/wp-json\/wp\/v2\/posts\/698","targetHints":{"allow":["GET"]}}],"collection":[{"href":"https:\/\/expertosenetica.com\/index.php\/wp-json\/wp\/v2\/posts"}],"about":[{"href":"https:\/\/expertosenetica.com\/index.php\/wp-json\/wp\/v2\/types\/post"}],"author":[{"embeddable":true,"href":"https:\/\/expertosenetica.com\/index.php\/wp-json\/wp\/v2\/users\/1"}],"replies":[{"embeddable":true,"href":"https:\/\/expertosenetica.com\/index.php\/wp-json\/wp\/v2\/comments?post=698"}],"version-history":[{"count":0,"href":"https:\/\/expertosenetica.com\/index.php\/wp-json\/wp\/v2\/posts\/698\/revisions"}],"wp:featuredmedia":[{"embeddable":true,"href":"https:\/\/expertosenetica.com\/index.php\/wp-json\/wp\/v2\/media\/699"}],"wp:attachment":[{"href":"https:\/\/expertosenetica.com\/index.php\/wp-json\/wp\/v2\/media?parent=698"}],"wp:term":[{"taxonomy":"category","embeddable":true,"href":"https:\/\/expertosenetica.com\/index.php\/wp-json\/wp\/v2\/categories?post=698"},{"taxonomy":"post_tag","embeddable":true,"href":"https:\/\/expertosenetica.com\/index.php\/wp-json\/wp\/v2\/tags?post=698"}],"curies":[{"name":"wp","href":"https:\/\/api.w.org\/{rel}","templated":true}]}}