{"id":701,"date":"2020-03-23T10:39:04","date_gmt":"2020-03-23T09:39:04","guid":{"rendered":"https:\/\/expertosenetica.com\/?p=701"},"modified":"2020-03-23T10:39:04","modified_gmt":"2020-03-23T09:39:04","slug":"ni-un-dia-mas","status":"publish","type":"post","link":"https:\/\/expertosenetica.com\/index.php\/2020\/03\/23\/ni-un-dia-mas\/","title":{"rendered":"NI UN D\u00cdA MAS"},"content":{"rendered":"\n<p class=\"has-text-align-center wp-block-paragraph\"><strong>Comunicado del Consejo General de Colegios Oficiales de M\u00e9dicos de Espa\u00f1a (CGCOM) ante la Pandemia global de Coronavirus en Espa\u00f1a. <\/strong><\/p>\n\n\n\n<p class=\"wp-block-paragraph\">Ante los datos a d\u00eda de hoy de la Pandemia de Coronavirus en\nEspa\u00f1a y ante la situaci\u00f3n en la que se hallan miles de m\u00e9dicos\ny m\u00e9dicas, as\u00ed como el resto de los profesionales sanitarios, que\nest\u00e1n dando lo mejor de s\u00ed, no solo en lo profesional sino\ntambi\u00e9n en lo personal, nos vemos obligados a manifestar lo\nsiguiente:\n<\/p>\n\n\n\n<p class=\"wp-block-paragraph\">1. Ni un d\u00eda m\u00e1s sin las necesarias medidas de protecci\u00f3n\npara los equipos asistenciales. No podemos seguir\nasistiendo a un incremento de casos de infecci\u00f3n, con\nconsecuencias muy graves a veces a t\u00edtulo personal (el\nn\u00famero de profesionales contagiados supone un 12%), y\nde forma general como agente de difusi\u00f3n de la pandemia\nsin denunciar las importantes carencias con las que\nestamos afrontando estos momentos. Es de extrema\nurgencia proteger a nuestro \u201cescudo\u201d protector.\n<\/p>\n\n\n\n<p class=\"wp-block-paragraph\">2.Ni un d\u00eda m\u00e1s sin disponibilidad de las pruebas\ndiagn\u00f3sticas que nos faciliten los mecanismos de\naislamiento y cuarentena obligados para poder\ncontrarrestar los efectos devastadores de esta pandemia.\n<\/p>\n\n\n\n<p class=\"wp-block-paragraph\">3. Ni un d\u00eda m\u00e1s sin aumentar las medidas de aislamiento\ncomunitario. Hay que intensificar estas medidas de forma\nfirme y para todo el territorio nacional. Estamos en un\nestado de alarma y es precisamente este mecanismo\nconstitucional el que debe marcar la intensidad de las\ndecisiones. Toca aplaudir a los servidores p\u00fablicos, pero\nes obligado cumplir con las restricciones y asumir la\nresponsabilidad como ciudadanos. <em>\u201c<\/em><em>Cuidando de ti\ncuidamos de todos<\/em><em>\u201d<\/em>.\n<\/p>\n\n\n\n<p class=\"wp-block-paragraph\">4. Ni un d\u00eda m\u00e1s sin una pol\u00edtica nacional firme de los recursos humanos en salud. Estratificar la asistencia, crear entornos asistenciales espec\u00edficos para la atenci\u00f3n de coronavirus y evitar entrar en ninguna lucha est\u00e9ril por absorber personal entre Comunidades Aut\u00f3nomas que puedan mermar la capacidad de atenci\u00f3n en ning\u00fan territorio nacional. Los m\u00e9dicos y m\u00e9dicas de Espa\u00f1a se han puesto a disposici\u00f3n de las autoridades sanitarias. Ahora toca poner orden en la planificaci\u00f3n y distribuci\u00f3n. Daremos lo mejor de nosotros. <\/p>\n\n\n\n<p class=\"wp-block-paragraph\">5. Nos ratificamos en el apoyo al Gobierno de Espa\u00f1a y a los\nGobiernos de nuestras Comunidades Aut\u00f3nomas para\nafrontar este inmenso desaf\u00edo, pero instamos a que NI UN\nDIA MAS mantengamos una situaci\u00f3n que nos har\u00e1 m\u00e1s\nd\u00e9biles ante el coronavirus y sus graves consecuencias.\n<\/p>\n\n\n\n<p class=\"wp-block-paragraph\">6.Nuestra \u00faltima reflexi\u00f3n va para los ciudadanos y\nciudadanas. Gracias por vuestro esfuerzo y\nresponsabilidad. Toca a\u00fan seguir manteni\u00e9ndolo durante\nun tiempo largo. Nos toca extremar las medidas\nindividuales, familiares y comunitarias. Nuestro principal\nobjetivo debe ser proteger a nuestros mayores, a los que\ntanto le debemos y a los m\u00e1s necesitados. Estamos\nconvencidos que esta \u201cguerra\u201d la vamos a ganar JUNTOS.\n<\/p>\n\n\n\n<p class=\"wp-block-paragraph\"><em>Madrid,22 de marzo de 2020\n<\/em><\/p>\n","protected":false},"excerpt":{"rendered":"<p>Comunicado del Consejo General de Colegios Oficiales de M\u00e9dicos de Espa\u00f1a (CGCOM) ante la Pandemia global de Coronavirus en Espa\u00f1a. Ante los datos a d\u00eda de hoy de la Pandemia de Coronavirus en Espa\u00f1a y ante la situaci\u00f3n en la que se hallan miles de m\u00e9dicos y m\u00e9dicas, as\u00ed como el resto de los profesionales&#8230;<\/p>\n","protected":false},"author":1,"featured_media":704,"comment_status":"closed","ping_status":"open","sticky":false,"template":"","format":"standard","meta":{"_kadence_starter_templates_imported_post":false,"_kad_post_transparent":"","_kad_post_title":"","_kad_post_layout":"","_kad_post_sidebar_id":"","_kad_post_content_style":"","_kad_post_vertical_padding":"","_kad_post_feature":"","_kad_post_feature_position":"","_kad_post_header":false,"_kad_post_footer":false,"_kad_post_classname":"","_jetpack_newsletter_access":"","_jetpack_dont_email_post_to_subs":false,"_jetpack_newsletter_tier_id":0,"_jetpack_memberships_contains_paywalled_content":false,"_jetpack_memberships_contains_paid_content":false,"footnotes":""},"categories":[10,12,6],"tags":[26],"class_list":["post-701","post","type-post","status-publish","format-standard","has-post-thumbnail","hentry","category-documentacion","category-etica-general","category-noticias-sobre-salud","tag-coronavirus"],"jetpack_sharing_enabled":true,"jetpack_featured_media_url":"https:\/\/expertosenetica.com\/wp-content\/uploads\/2020\/03\/OMCE_logo.png","post_mailing_queue_ids":[],"_links":{"self":[{"href":"https:\/\/expertosenetica.com\/index.php\/wp-json\/wp\/v2\/posts\/701","targetHints":{"allow":["GET"]}}],"collection":[{"href":"https:\/\/expertosenetica.com\/index.php\/wp-json\/wp\/v2\/posts"}],"about":[{"href":"https:\/\/expertosenetica.com\/index.php\/wp-json\/wp\/v2\/types\/post"}],"author":[{"embeddable":true,"href":"https:\/\/expertosenetica.com\/index.php\/wp-json\/wp\/v2\/users\/1"}],"replies":[{"embeddable":true,"href":"https:\/\/expertosenetica.com\/index.php\/wp-json\/wp\/v2\/comments?post=701"}],"version-history":[{"count":0,"href":"https:\/\/expertosenetica.com\/index.php\/wp-json\/wp\/v2\/posts\/701\/revisions"}],"wp:featuredmedia":[{"embeddable":true,"href":"https:\/\/expertosenetica.com\/index.php\/wp-json\/wp\/v2\/media\/704"}],"wp:attachment":[{"href":"https:\/\/expertosenetica.com\/index.php\/wp-json\/wp\/v2\/media?parent=701"}],"wp:term":[{"taxonomy":"category","embeddable":true,"href":"https:\/\/expertosenetica.com\/index.php\/wp-json\/wp\/v2\/categories?post=701"},{"taxonomy":"post_tag","embeddable":true,"href":"https:\/\/expertosenetica.com\/index.php\/wp-json\/wp\/v2\/tags?post=701"}],"curies":[{"name":"wp","href":"https:\/\/api.w.org\/{rel}","templated":true}]}}