{"id":710,"date":"2020-04-28T19:42:09","date_gmt":"2020-04-28T17:42:09","guid":{"rendered":"https:\/\/expertosenetica.com\/?p=710"},"modified":"2020-04-28T19:42:09","modified_gmt":"2020-04-28T17:42:09","slug":"resumen-del-informe-del-cbe-sobre-priorizacion-recursos-sanitarios","status":"publish","type":"post","link":"https:\/\/expertosenetica.com\/index.php\/2020\/04\/28\/resumen-del-informe-del-cbe-sobre-priorizacion-recursos-sanitarios\/","title":{"rendered":"Resumen del Informe del CBE sobre priorizaci\u00f3n recursos sanitarios"},"content":{"rendered":"\n<p class=\"wp-block-paragraph\">(Rer bioeticaweb.com)<\/p>\n\n\n\n<p class=\"wp-block-paragraph\">El 25 de marzo el Comit\u00e9 de Bio\u00e9tica de Espa\u00f1a ha emitido un&nbsp;<a href=\"https:\/\/www.bioeticaweb.com\/priorizacion-de-recursos-crisis-del-coronavirus\/\">Informe<\/a>&nbsp;sobre la priorizaci\u00f3n de los recursos sanitarios. Parece que la petici\u00f3n de este informe surge del gobierno en relaci\u00f3n con las&nbsp;<a href=\"https:\/\/www.bioeticaweb.com\/recomendaciones-eticas-pandemia-coronavirus\/\">Recomendaciones<\/a>&nbsp;hechas por el Grupo de Trabajo de Bio\u00e9tica de la SEMICYUC (Sociedad Espa\u00f1ola de Medicina intensiva, Cr\u00edtica y Unidades coronarias) respecto a la protecci\u00f3n de las personas vulnerables, concretamente el tratamiento de las personas discapacitadas.<\/p>\n\n\n\n<p class=\"wp-block-paragraph\">El Comit\u00e9 abre su horizonte, que por otra parte es su funci\u00f3n, y se propone adem\u00e1s de&nbsp;<em>abordar la consulta concreta que se nos formula, tambi\u00e9n otras cuestiones y reflexiones bio\u00e9ticas directamente relacionadas con la crisis del coronavirus que creemos de importancia trasladar a la autoridad consultante y al conjunto de la opini\u00f3n p\u00fablica&nbsp;<\/em>(introd.)<\/p>\n\n\n\n<p class=\"wp-block-paragraph\">En su Informe hace tres precisiones importantes:<\/p>\n\n\n\n<p class=\"wp-block-paragraph\">1) La necesidad de atender en primer lugar a los&nbsp;<em>profesionales sanitarios, con el fin de que estos puedan atender a m\u00e1s pacientes (<\/em>9.1).<\/p>\n\n\n\n<p class=\"wp-block-paragraph\">2)&nbsp;<em>Las decisiones deben adoptarse desde la perspectiva del inter\u00e9s de todos los pacientes ingresados y no solo de los pacientes con coronavirus.&nbsp;<\/em>El Comit\u00e9 de Bio\u00e9tica ve imprescindible&nbsp;llegar a unos&nbsp;<em>criterios comunes para todo el territorio nacional<\/em>&nbsp;(3) y que&nbsp;<em>la asignaci\u00f3n de recursos sea igual para todos los espa\u00f1oles<\/em>&nbsp;(9.2).<\/p>\n\n\n\n<p class=\"wp-block-paragraph\">3)&nbsp;<em>Cualquier criterio o protocolo para racionar unos recursos escasos nunca puede aplicarse de manera mec\u00e1nica o autom\u00e1tica: todo ser humano tiene derecho a una consideraci\u00f3n personal<\/em>&nbsp;(9.3) Deben continuar prest\u00e1ndose las terapias que precisan las personas con discapacidad (9.7).<\/p>\n\n\n\n<p class=\"wp-block-paragraph\">La priorizaci\u00f3n de recursos parte del principio de que cualquier criterio que se adopte&nbsp;<em>deber\u00e1 basarse en el pleno respeto a la dignidad de la persona, la equidad y la protecci\u00f3n frente a la vulnerabilidad&nbsp;<\/em>(9,2)<em>.<\/em><\/p>\n\n\n\n<p class=\"wp-block-paragraph\">Este principio ilumina y atraviesa todas las decisiones:<\/p>\n\n\n\n<ul class=\"wp-block-list\"><li>es horizontal incluye<em>&nbsp;a todos los pacientes<\/em>,&nbsp;<em>ingresados con coronavirus o con otra enfermedad<\/em>,&nbsp;<em>no vertical,<\/em>&nbsp;<em>otorgando prioridad<\/em>&nbsp;a&nbsp; los pacientes de coronavirus (9.4),<\/li><li>es un principio claramente diverso del enfoque utilitarista que&nbsp;<em>asume que el valor moral de las personas es intercambiable: la salud que unos ganan compensa a la que otros pierden, siempre que el resultado sea una suma positiva (\u2026)<\/em><\/li><li>Ni&nbsp; justifica el que unas personas sean usadas como medios por otras, tampoco&nbsp; es correcta&nbsp;<em>la compensaci\u00f3n interpersonal de las vidas humanas entre s\u00ed con el fin de maximizar unos presuntos beneficios colectivos lo que es incompatible con la primac\u00eda de la dignidad humana<\/em>(9.6).<\/li><li>No hay que confundir la diversa utilidad de los recursos en unos u otros pacientes, con el planteamiento utilitarista para valorar a esos pacientes.<\/li><\/ul>\n\n\n\n<p class=\"wp-block-paragraph\">Es, como precisa el Informe del Comit\u00e9,&nbsp;<em>extremadamente ambiguo y \u00e9ticamente discutible,<\/em>&nbsp;<em>el t\u00e9rmino \u201cutilidad social\u201d&nbsp;<\/em>que recogen algunas de las recomendaciones aprobadas y publicadas recientemente por sociedades cient\u00edficas&nbsp;<em>porque todo ser humano por el mero hecho de serlo es socialmente \u00fatil, en atenci\u00f3n al propio valor ontol\u00f3gico de la dignidad humana&nbsp;<\/em>(9.6). No es menos ni m\u00e1s \u00ab\u00fatil social\u00bb, por s\u00ed mismo, una persona discapacitada que una que no lo es. No tenerlo en cuenta, supone un error o un olvido de graves consecuencias para la sociedad.<\/p>\n\n\n\n<p class=\"wp-block-paragraph\">Los criterios de limitaci\u00f3n de recursos no resultan v\u00e1lidos cuando se toman aisladamente por: edad (3), prioridad en el tiempo (9.6), enfermedad, vulnerabilidad, discapacidad (9,7), deterioro cognitivo (9.7), como si fuera posible cuantificar sin m\u00e1s estos valores y formular matem\u00e1ticamente una relaci\u00f3n coste-beneficio.<\/p>\n\n\n\n<p class=\"wp-block-paragraph\">Estos criterios se han de valorar en su conjunto, adem\u00e1s de tener en cuenta&nbsp;<em>&nbsp;la eficacia, eficiencia, efectividad, seguridad y utilidad terap\u00e9uticas, las ventajas y alternativas asistenciales, y el cuidado de los grupos menos protegidos o de riesgo y las necesidades sociales, as\u00ed como su impacto econ\u00f3mico y organizativo.(9.6).&nbsp;<\/em>Es preciso &nbsp;<em>&nbsp;un marco \u00e9tico de valores m\u00faltiples que se pueda adaptar, dependiendo del recurso y el contexto en cuesti\u00f3n\u201d y entre ellos \u201cmaximizar los beneficios, tratar por igual, promover y recompensar el valor instrumental y dar prioridad a los m\u00e1s desfavorecidos\u201d (9.6).&nbsp;<\/em>Porque como dir\u00e1 Emanuel et al.&nbsp;<em>ning\u00fan valor es suficiente por si s\u00f3lo para determinar qu\u00e9 pacientes deben recibir recursos escasos(9.6).<\/em><\/p>\n\n\n\n<p class=\"wp-block-paragraph\">Igualmente, estos criterios son v\u00e1lidos no s\u00f3lo en el contexto de una pandemia, tambi\u00e9n en las situaciones ordinarias los recursos son escasos (8) y por tanto est\u00e1 justificado&nbsp;<em>la adopci\u00f3n de un criterio de asignaci\u00f3n basado en la capacidad de recuperaci\u00f3n del paciente, en todo caso se debe prevenir la extensi\u00f3n (\u2026) de prejuicios contrarios hacia las personas mayores o con discapacidad&nbsp;<\/em>(9.6)<\/p>\n\n\n\n<p class=\"wp-block-paragraph\">Recomendaciones:<\/p>\n\n\n\n<ul class=\"wp-block-list\"><li>Los criterios \u00fanicos de priorizaci\u00f3n a nivel nacional deben estar fijados por el gobierno (9,2).<\/li><li><em>Cualquier criterio o protocolo que se adopte para racionar unos recursos escasos nunca puede aplicarse de manera mec\u00e1nica o autom\u00e1tica: todo ser humano tiene derecho a una consideraci\u00f3n personal. Ello no obsta para no tratar de establecer unos criterios generales de priorizaci\u00f3n que, en todo caso, deben ser aplicados de manera individualizada (9.3)<\/em><\/li><li><em>En el proceso de toma de decisiones, si surgen situaciones complicadas y de incertidumbre, convendr\u00e1 consultar con el Comit\u00e9 de \u00c9tica Asistencial (CEA) para que pueda ayudar en la prevenci\u00f3n o resoluci\u00f3n de conflictos de valores entre las partes implicadas (9.5).<\/em><\/li><li><em>Se deben priorizar a los ni\u00f1os, adolescentes, personal sanitario y personas con discapacidad(9.7)<\/em><\/li><\/ul>\n\n\n\n<p class=\"wp-block-paragraph\">El Informe termina reclamando una memoria social que no olvide adoptar las&nbsp;<em>medidas econ\u00f3micas, materiales y personales para dotar de verdadera dignidad a unas profesiones que, como estamos comprobando una vez m\u00e1s, cumplen un papel tan esencial para el sostenimiento de la vida de las personas y las sociedades (11).<\/em><\/p>\n\n\n\n<p class=\"wp-block-paragraph\">Por nuestra parte a\u00f1adir\u00edamos alguna sugerencia:<\/p>\n\n\n\n<p class=\"wp-block-paragraph\">Que se replantee la necesidad de que en el proceso educativo entre tambi\u00e9n la formaci\u00f3n \u00e9tica de estos profesionales. Desde hace unos cuantos a\u00f1os se ha promovido la actualizaci\u00f3n de los conocimientos t\u00e9cnicos, pero se han dejado de lado los aspectos human\u00edsticos de esta profesi\u00f3n. A lo sumo algunas horas dedicadas a los aspectos legales. Seguramente una mejor preparaci\u00f3n \u00e9tica disminuir\u00eda el estr\u00e9s de tener que tomar decisiones graves sin las herramientas necesarias para conocer lo que es \u00e9ticamente bueno o malo.<\/p>\n\n\n\n<p class=\"wp-block-paragraph\">Que se tenga en cuenta el principio de precauci\u00f3n en cuanto al uso de terapias experimentales de urgencia para que tengan validez cient\u00edfica: La protecci\u00f3n de los pacientes debe preservarse y por tanto el dise\u00f1o de posibles estudios cl\u00ednicos debe ser validado y refrendado por el comit\u00e9 \u00e9tico correspondiente as\u00ed como llevarse a cabo de forma coordinada con varios centros para alcanzar suficiente significaci\u00f3n, evitando individualismos investigadores que manifestar\u00edan posibles sesgos. La evidencia cient\u00edfica debe ser s\u00f3lida.<\/p>\n","protected":false},"excerpt":{"rendered":"<p>(Rer bioeticaweb.com) El 25 de marzo el Comit\u00e9 de Bio\u00e9tica de Espa\u00f1a ha emitido un&nbsp;Informe&nbsp;sobre la priorizaci\u00f3n de los recursos sanitarios. Parece que la petici\u00f3n de este informe surge del gobierno en relaci\u00f3n con las&nbsp;Recomendaciones&nbsp;hechas por el Grupo de Trabajo de Bio\u00e9tica de la SEMICYUC (Sociedad Espa\u00f1ola de Medicina intensiva, Cr\u00edtica y Unidades coronarias) respecto&#8230;<\/p>\n","protected":false},"author":1,"featured_media":711,"comment_status":"closed","ping_status":"open","sticky":false,"template":"","format":"standard","meta":{"_kadence_starter_templates_imported_post":false,"_kad_post_transparent":"","_kad_post_title":"","_kad_post_layout":"","_kad_post_sidebar_id":"","_kad_post_content_style":"","_kad_post_vertical_padding":"","_kad_post_feature":"","_kad_post_feature_position":"","_kad_post_header":false,"_kad_post_footer":false,"_kad_post_classname":"","_jetpack_newsletter_access":"","_jetpack_dont_email_post_to_subs":false,"_jetpack_newsletter_tier_id":0,"_jetpack_memberships_contains_paywalled_content":false,"_jetpack_memberships_contains_paid_content":false,"footnotes":""},"categories":[11],"tags":[27],"class_list":["post-710","post","type-post","status-publish","format-standard","has-post-thumbnail","hentry","category-deontologia","tag-recursos-sanitarios"],"jetpack_sharing_enabled":true,"jetpack_featured_media_url":"https:\/\/expertosenetica.com\/wp-content\/uploads\/2020\/04\/coronavirus-1392x783-1.jpg","post_mailing_queue_ids":[],"_links":{"self":[{"href":"https:\/\/expertosenetica.com\/index.php\/wp-json\/wp\/v2\/posts\/710","targetHints":{"allow":["GET"]}}],"collection":[{"href":"https:\/\/expertosenetica.com\/index.php\/wp-json\/wp\/v2\/posts"}],"about":[{"href":"https:\/\/expertosenetica.com\/index.php\/wp-json\/wp\/v2\/types\/post"}],"author":[{"embeddable":true,"href":"https:\/\/expertosenetica.com\/index.php\/wp-json\/wp\/v2\/users\/1"}],"replies":[{"embeddable":true,"href":"https:\/\/expertosenetica.com\/index.php\/wp-json\/wp\/v2\/comments?post=710"}],"version-history":[{"count":0,"href":"https:\/\/expertosenetica.com\/index.php\/wp-json\/wp\/v2\/posts\/710\/revisions"}],"wp:featuredmedia":[{"embeddable":true,"href":"https:\/\/expertosenetica.com\/index.php\/wp-json\/wp\/v2\/media\/711"}],"wp:attachment":[{"href":"https:\/\/expertosenetica.com\/index.php\/wp-json\/wp\/v2\/media?parent=710"}],"wp:term":[{"taxonomy":"category","embeddable":true,"href":"https:\/\/expertosenetica.com\/index.php\/wp-json\/wp\/v2\/categories?post=710"},{"taxonomy":"post_tag","embeddable":true,"href":"https:\/\/expertosenetica.com\/index.php\/wp-json\/wp\/v2\/tags?post=710"}],"curies":[{"name":"wp","href":"https:\/\/api.w.org\/{rel}","templated":true}]}}