{"id":719,"date":"2020-06-01T09:33:55","date_gmt":"2020-06-01T07:33:55","guid":{"rendered":"https:\/\/expertosenetica.com\/?p=719"},"modified":"2020-06-01T09:33:55","modified_gmt":"2020-06-01T07:33:55","slug":"me-dice-manuel-gonzalez-baron-jefe-jubilado-del-servicio-de-oncologia-medica-del-h-u-la-paz-de-madrid-director-honorario-de-la-catedra-de-oncologia-y-medicina-paliativa-de-la-uam","status":"publish","type":"post","link":"https:\/\/expertosenetica.com\/index.php\/2020\/06\/01\/me-dice-manuel-gonzalez-baron-jefe-jubilado-del-servicio-de-oncologia-medica-del-h-u-la-paz-de-madrid-director-honorario-de-la-catedra-de-oncologia-y-medicina-paliativa-de-la-uam\/","title":{"rendered":"Me dice Manuel Gonz\u00e1lez Bar\u00f3n, jefe (jubilado) del Servicio de Oncolog\u00eda Medica del H.U. La Paz de Madrid, director honorario de la c\u00e1tedra de Oncolog\u00eda y Medicina Paliativa de la UAM"},"content":{"rendered":"\n<p class=\"wp-block-paragraph\">(Ref noentiendonada.es)<\/p>\n\n\n\n<p class=\"wp-block-paragraph\"><strong>Entre la mentira y la eutanasia&nbsp;<\/strong>.<\/p>\n\n\n\n<p class=\"wp-block-paragraph\">Hace dos d\u00edas fue el d\u00eda dedicado a los enfermeros y enfermeras pero estamos en unos d\u00edas tristes desde hace m\u00e1s de dos meses por la ingente cantidad de muertos. Esto es la historia del mayor fracaso de un gobierno de todos los tiempos en nuestro pa\u00eds y sobre todo por la grav\u00edsima irresponsabilidad de este gobierno que tenemos sin nombrar el Drama econ\u00f3mico que nos est\u00e1 inundando y lo que nos espera. Por la inacci\u00f3n, por la falta de predicci\u00f3n, por la negaci\u00f3n de la epidemia motivada por una ideolog\u00eda que ha llevado a la sanidad espa\u00f1ola al l\u00edmite.<\/p>\n\n\n\n<p class=\"wp-block-paragraph\">El 30 de enero la organizaci\u00f3n mundial de la salud declar\u00f3 emergencia sanitaria la epidemia sin embargo aqu\u00ed negaron tanto la epidemia en cuesti\u00f3n como la magnitud de lo que nos iba caer encima. El 14 de febrero la misma OMS advirti\u00f3 que todos los pa\u00edses ten\u00edan la obligaci\u00f3n de valorar el riesgo antes durante y despu\u00e9s de cualquier manifestaci\u00f3n o concentraci\u00f3n de p\u00fablico y sin embargo Espa\u00f1a permiti\u00f3 que se manifestaron&nbsp;<strong>600.000 personas en 480 manifestaciones en todo el pa\u00eds el d\u00eda 8 de marzo<\/strong>. La contagiosidad entonces era de cinco es decir por cada contagiado se contagiar\u00edan cinco y as\u00ed sucesivamente.<\/p>\n\n\n\n<p class=\"wp-block-paragraph\">El estudio de la FDA dijo que si que si se hubieran adelantado en ocho d\u00edas sobre esas fechas nos hubi\u00e9ramos ahorrado unos 17.000 muertos La alarma declarada el d\u00eda 14 dio lugar al desbordamiento y cuantos muertos se han producido por esto de interrogante oficialmente: casi 27.000 extraoficialmente por c\u00e1lculo sobre todo del registro civil y estad\u00edsticamente se puede decir que han muerto casi 30.000 m\u00e1s, es decir hemos llegado a una cifra cercana a los 60 000. M\u00e9dicos enfermeras y auxiliares y calcula que han fallecido unos 60 de entre unos 25.000 afectados sanitarios, m\u00e9dicos algo m\u00e1s de 43, enfermeros enfermeras siete u ocho pero, \u00bfy de los sacerdotes que han muerto en el ejercicio de su labor pastoral de los que nadie habla pues se calcula que han sido unos 80 a 100 casos? Todo esto producido por la desobediencia y, en alto grado, por la improvisaci\u00f3n, ineptitud, ocultamiento, contradicciones pero, sobre todo, no quiero pensar que haya sido por la mala fe para llegar sin trabas a la fecha del 8 de marzo guiados por una ideolog\u00eda.<\/p>\n\n\n\n<p class=\"wp-block-paragraph\">No quiero pensar en los ancianos de las residencias sobre todo. Las residencias no son Hospitales si no hogares, no est\u00e1n medicalizadas, si acaso alg\u00fan m\u00e9dico y algunas pocas enfermeras para cuidar cientos de ancianos. Alg\u00fan d\u00eda cuando todo esto acabe tendremos que plantearnos la medicalizaci\u00f3n de las residencias con personal m\u00e9dico, enfermeros y auxiliares para atender a cientos de residentes all\u00ed instalados Se ha calculado, sin hacer estudios estad\u00edsticos sanitarios,&nbsp;<strong>unos 18.000 ancianos fallecidos sin medicaci\u00f3n<\/strong>&nbsp;oportuna e indignantemente, sin discriminar si hab\u00eda \u201dlimitaci\u00f3n del esfuerzo terap\u00e9utico\u201c del paciente, sino simplemente por la edad y se limitaban a administrar morfina, f\u00e1rmaco que deprime claramente el centro respiratorio con lo cual \u201cel \u00e9xito\u201d estaba manifiestamente asegurado. Y yo me pregunto, \u00bf<strong>estamos ante un caso de eutanasia masiva y colectiva<\/strong>&nbsp;previa a la ley que pretende sacar el actual gobierno en pr\u00f3ximos d\u00edas y que ya est\u00e1 admitida a tr\u00e1mite para su aprobaci\u00f3n en las cortes? Hasta ah\u00ed quieren llevar tal indignidad.&nbsp;<strong>\u00bfEstamos ante una aplicaci\u00f3n pr\u00e1ctica de \u201cuna medicina progresista\u201c?<\/strong><\/p>\n\n\n\n<p class=\"wp-block-paragraph\"><strong>El desarrollo de una sociedad seria, avanzada y coherente con la civilizaci\u00f3n actual moderna y occidental es el modo y manera que cuidan a los enfermos ancianos y discapacitados<\/strong>. Lo otro es puro nazismo ya sea negro o rojo. Con cruz gamada o con hoz y martillo.<\/p>\n\n\n\n<p class=\"wp-block-paragraph\">Si calculan que mientras estas cifras se estaban produciendo bajo el mando \u00fanico y bajo la responsabilidad de la vicepresidencia segunda del gobierno, exist\u00edan en la red de hospitales privada unas&nbsp;<strong>2200 camas de UCI libres<\/strong>&nbsp;, sin ocupar \u00bfd\u00f3nde est\u00e1n los responsables de este desafuero? No podemos olvidar que<strong>&nbsp;&lt;&lt;el respeto por la persona es el camino para un mundo mejor&gt;&gt;<\/strong>.<\/p>\n","protected":false},"excerpt":{"rendered":"<p>(Ref noentiendonada.es) Entre la mentira y la eutanasia&nbsp;. Hace dos d\u00edas fue el d\u00eda dedicado a los enfermeros y enfermeras pero estamos en unos d\u00edas tristes desde hace m\u00e1s de dos meses por la ingente cantidad de muertos. Esto es la historia del mayor fracaso de un gobierno de todos los tiempos en nuestro pa\u00eds&#8230;<\/p>\n","protected":false},"author":1,"featured_media":720,"comment_status":"closed","ping_status":"open","sticky":false,"template":"","format":"standard","meta":{"_kadence_starter_templates_imported_post":false,"_kad_post_transparent":"","_kad_post_title":"","_kad_post_layout":"","_kad_post_sidebar_id":"","_kad_post_content_style":"","_kad_post_vertical_padding":"","_kad_post_feature":"","_kad_post_feature_position":"","_kad_post_header":false,"_kad_post_footer":false,"_kad_post_classname":"","_jetpack_newsletter_access":"","_jetpack_dont_email_post_to_subs":false,"_jetpack_newsletter_tier_id":0,"_jetpack_memberships_contains_paywalled_content":false,"_jetpack_memberships_contains_paid_content":false,"footnotes":""},"categories":[5],"tags":[19],"class_list":["post-719","post","type-post","status-publish","format-standard","has-post-thumbnail","hentry","category-eutanasia","tag-eutanasia"],"jetpack_sharing_enabled":true,"jetpack_featured_media_url":"https:\/\/expertosenetica.com\/wp-content\/uploads\/2020\/06\/gonzalez-baron1-1.jpg","post_mailing_queue_ids":[],"_links":{"self":[{"href":"https:\/\/expertosenetica.com\/index.php\/wp-json\/wp\/v2\/posts\/719","targetHints":{"allow":["GET"]}}],"collection":[{"href":"https:\/\/expertosenetica.com\/index.php\/wp-json\/wp\/v2\/posts"}],"about":[{"href":"https:\/\/expertosenetica.com\/index.php\/wp-json\/wp\/v2\/types\/post"}],"author":[{"embeddable":true,"href":"https:\/\/expertosenetica.com\/index.php\/wp-json\/wp\/v2\/users\/1"}],"replies":[{"embeddable":true,"href":"https:\/\/expertosenetica.com\/index.php\/wp-json\/wp\/v2\/comments?post=719"}],"version-history":[{"count":0,"href":"https:\/\/expertosenetica.com\/index.php\/wp-json\/wp\/v2\/posts\/719\/revisions"}],"wp:featuredmedia":[{"embeddable":true,"href":"https:\/\/expertosenetica.com\/index.php\/wp-json\/wp\/v2\/media\/720"}],"wp:attachment":[{"href":"https:\/\/expertosenetica.com\/index.php\/wp-json\/wp\/v2\/media?parent=719"}],"wp:term":[{"taxonomy":"category","embeddable":true,"href":"https:\/\/expertosenetica.com\/index.php\/wp-json\/wp\/v2\/categories?post=719"},{"taxonomy":"post_tag","embeddable":true,"href":"https:\/\/expertosenetica.com\/index.php\/wp-json\/wp\/v2\/tags?post=719"}],"curies":[{"name":"wp","href":"https:\/\/api.w.org\/{rel}","templated":true}]}}