{"id":726,"date":"2020-06-20T10:20:41","date_gmt":"2020-06-20T08:20:41","guid":{"rendered":"https:\/\/expertosenetica.com\/?p=726"},"modified":"2020-06-20T10:20:41","modified_gmt":"2020-06-20T08:20:41","slug":"las-secuelas-del-covid-19-dilemas-bioeticos","status":"publish","type":"post","link":"https:\/\/expertosenetica.com\/index.php\/2020\/06\/20\/las-secuelas-del-covid-19-dilemas-bioeticos\/","title":{"rendered":"LAS SECUELAS DEL COVID-19: DILEMAS BIO\u00c9TICOS"},"content":{"rendered":"\n<p class=\"wp-block-paragraph\">Los err\u00e1ticos movimientos de la OMS en los primeros momentos de su evoluci\u00f3n comprometieron seriamente la eficacia de las medidas que los distintos gobiernos fueron adoptando, y que, a la larga, se mostraron ineficaces en muchos casos, con enormes costos en vidas humanas, empobrecimiento social y secuelas f\u00edsicas y psicol\u00f3gicas en los afectados y su entorno.<\/p>\n\n\n\n<p class=\"wp-block-paragraph\">Los titubeos en la declaraci\u00f3n de la pandemia, la tardanza en las propuestas de medidas de intervenci\u00f3n, los errores en las indicaciones sobre el&nbsp;<strong><a href=\"https:\/\/www.observatoriobioetica.org\/2020\/04\/que-mascarillas-de-proteccion-frente-al-covid-19-son-mas-eficaces-se-pueden-reutilizar\/33044\" target=\"_blank\" rel=\"noreferrer noopener\">uso de las mascarillas faciales de protecci\u00f3n individual<\/a><\/strong>&nbsp;o la necesidad de realizar previsiones en el acopio de equipos de protecci\u00f3n individual y medios de diagn\u00f3stico y tratamiento, han demostrado que los par\u00e1metros epidemiol\u00f3gicos que se emplean para evitar que situaciones como la actual lleguen a producirse, no han funcionado suficientemente por obsoletos, inadecuados, insuficientes, equivocados o imprecisos.<\/p>\n\n\n\n<p class=\"wp-block-paragraph\">El reiterado recurso a la \u201copini\u00f3n de los expertos\u201d se ha mostrado poco fiable y eficaz, cuando estas opiniones han cambiado con ligereza, errando, llegando tarde o ignorando la magnitud real del problema hasta que lo testarudo de la evidencia as\u00ed lo ha demostrado, con las im\u00e1genes de servicios hospitalarios desbordados o cad\u00e1veres hacinados.<\/p>\n\n\n\n<p class=\"wp-block-paragraph\">La ineficacia de la cascada de medidas adoptadas desde la improvisaci\u00f3n y el temor a sus consecuencias sociales o pol\u00edticas ha forzado a muchos gobiernos, como el espa\u00f1ol, a adoptar dr\u00e1sticas medidas de control social, con supresi\u00f3n de derechos y libertades, confinamientos masivos y paralizaci\u00f3n de la vida social y econ\u00f3mica.<\/p>\n\n\n\n<p class=\"wp-block-paragraph\">La tardanza y desacierto en la toma de decisiones oportunas y proporcionadas, ha generado una inercia en&nbsp;adopci\u00f3n de otras que ahora resultan dif\u00edciles de manejar. De la no conveniencia en el<strong><a href=\"https:\/\/www.observatoriobioetica.org\/2020\/04\/que-mascarillas-de-proteccion-frente-al-covid-19-son-mas-eficaces-se-pueden-reutilizar\/33044\" target=\"_blank\" rel=\"noreferrer noopener\">&nbsp;uso de mascarillas<\/a><\/strong>, hemos pasado a la extensi\u00f3n obligatoria de su uso sine die. De la tardanza en la toma de medidas de distanciamiento social, con el mantenimiento de eventos multitudinarios bien entrados en la pandemia, a la imposici\u00f3n de nuevos distanciamientos de \u201clongitud variable\u201d \u2013 1 metro, metro y medio, dos metros\u2026- sin fecha de caducidad.<\/p>\n\n\n\n<p class=\"wp-block-paragraph\">El caso espa\u00f1ol, adem\u00e1s de por las altas cifras de mortalidad, es especialmente triste en cuanto a dos cuestiones: la protecci\u00f3n de los sanitarios implicados en el control de la pandemia y el manejo de los datos epidemiol\u00f3gicos, que digerimos diariamente entre el asombro, la sorpresa, el desconcierto o la indignaci\u00f3n.<\/p>\n\n\n\n<p class=\"wp-block-paragraph\">La insuficiencia en la provisi\u00f3n de equipos de protecci\u00f3n individual para el personal sanitario ha provocado que sean los espa\u00f1oles los sanitarios m\u00e1s afectados por la enfermedad. Alguien debe tomar nota de qu\u00e9 no volver a hacer y qu\u00e9 decisiones tomar, pronto y decididamente, en el futuro. A\u00fan hoy, los diagn\u00f3sticos a los posibles afectados son escandalosamente insuficientes, evit\u00e1ndose test de diagn\u00f3stico en muchas ocasiones, e impidiendo as\u00ed la localizaci\u00f3n de los infectados y su aislamiento. La ineficacia en la detecci\u00f3n de los casos mediante test diagn\u00f3sticos insuficientes obliga a adoptar medidas de aislamiento generalizado y agresivo ante la imposibilidad de localizarlos y actuar sobre su entorno. Sin embargo, este extremo es negado sistem\u00e1ticamente por medios of\u00edciales que insisten en que los m\u00e9todos diagn\u00f3sticos empleados son suficientes.<\/p>\n\n\n\n<p class=\"wp-block-paragraph\">La segunda cuesti\u00f3n es la triste incapacidad de manejar los datos epidemiol\u00f3gicos de la enfermedad con un m\u00ednimo de rigor y coherencia. Nos hemos acostumbrado ya a cifras absurdas y contradictorias, que no parecen preocupar mucho a quienes las publican pero que indignan a cl\u00ednicos y cient\u00edficos, junto a la poblaci\u00f3n bienpensante. Parece que la vieja m\u00e1xima de Joseph Goebbels \u201crepite muchas veces una mentira, al final se convertir\u00e1 en una verdad\u201d, est\u00e1 cumpli\u00e9ndose en amplios sectores sociales que engullen sin digerir la cascada de contradicciones sobre fallecidos, infectados, y diagnosticados, imposibles de interpretar con un m\u00ednimo de fiabilidad.<\/p>\n\n\n\n<p class=\"wp-block-paragraph\">Esta lamentable desinformaci\u00f3n puede deberse a incapacidad t\u00e9cnica del sistema o quien lo interpreta, o a una deliberada tergiversaci\u00f3n de los datos, que persigue obtener r\u00e9ditos pol\u00edticos o minimizar las secuelas y efectos colaterales que el drama epid\u00e9mico pueda ocasionarles.<\/p>\n\n\n\n<p class=\"wp-block-paragraph\">Por \u00faltimo, las consecuencias sociales y econ\u00f3micas son las que ganan protagonismo a partir de ahora. Las cifras de parados, la paralizaci\u00f3n de la econom\u00eda, la manifiesta dependencia de la econom\u00eda global, y los s\u00edndromes post-traum\u00e1ticos en todo el tejido social amenazan con oscuros horizontes de empobrecimiento, que est\u00e1n forzando a los gobiernos a levantar apresuradamente las dr\u00e1sticas medidas de aislamiento que han tenido que adoptarse para tratar de paliar la ineficacia y tardanza en la actuaci\u00f3n inicial.<\/p>\n\n\n\n<p class=\"wp-block-paragraph\">Un reciente art\u00edculo publicado en la&nbsp;<strong><a href=\"https:\/\/www.bmj.com\/content\/369\/bmj.m2202\" target=\"_blank\" rel=\"noreferrer noopener\">prestigiosa revista BMJ<\/a><\/strong>&nbsp;(<em>BMJ 2020;369:m2202 doi: 10.1136\/bmj.m2202 (Published 4 June 2020)<\/em>, alerta del riesgo de adoptar ahora medidas para salir del bloqueo social y econ\u00f3mico en ausencia de una vacuna o tratamiento efectivo. Afirma el art\u00edculo que solo la realizaci\u00f3n de pruebas en masa, el rastreo de contactos y su aislamiento, har\u00e1 que sea seguro salir del bloqueo. Son necesarios datos fiables de prevalencia para la adopci\u00f3n de medidas ajustadas a las necesidades reales.<\/p>\n\n\n\n<p class=\"wp-block-paragraph\">De nuevo, la seriedad en el abordaje cient\u00edfico resulta clave para la protecci\u00f3n de la salud y la dignidad de las personas. La urgencia actual en \u00c1frica y Sudam\u00e9rica, con la pandemia en plena expansi\u00f3n, constituye una deuda moral para todos aquellos que, con m\u00e1s medios y experiencia, pueden enmendarse ofreci\u00e9ndoles su asesoramiento y recursos.\u00a0 \u00bfAprenderemos de nuestros errores? \u00bfPodremos identificarlos y reconocerlos finalmente, para no volver a cometerlos? \u00bfPodr\u00e1n beneficiarse los pa\u00edses del tercer mundo de las lecciones aprendidas y las conquistas ganadas? Quiz\u00e1 sea este el rostro positivo que toda crisis entra\u00f1a, la superaci\u00f3n y la solidaridad.<\/p>\n\n\n\n<p class=\"wp-block-paragraph\">Julio Tudela<\/p>\n\n\n\n<p class=\"wp-block-paragraph\">Observatorio de Bio\u00e9tica<\/p>\n\n\n\n<p class=\"wp-block-paragraph\">Universidad Cat\u00f3lica de Valencia<\/p>\n","protected":false},"excerpt":{"rendered":"<p>Los err\u00e1ticos movimientos de la OMS en los primeros momentos de su evoluci\u00f3n comprometieron seriamente la eficacia de las medidas que los distintos gobiernos fueron adoptando, y que, a la larga, se mostraron ineficaces en muchos casos, con enormes costos en vidas humanas, empobrecimiento social y secuelas f\u00edsicas y psicol\u00f3gicas en los afectados y su&#8230;<\/p>\n","protected":false},"author":1,"featured_media":727,"comment_status":"closed","ping_status":"open","sticky":false,"template":"","format":"standard","meta":{"_kadence_starter_templates_imported_post":false,"_kad_post_transparent":"","_kad_post_title":"","_kad_post_layout":"","_kad_post_sidebar_id":"","_kad_post_content_style":"","_kad_post_vertical_padding":"","_kad_post_feature":"","_kad_post_feature_position":"","_kad_post_header":false,"_kad_post_footer":false,"_kad_post_classname":"","_jetpack_newsletter_access":"","_jetpack_dont_email_post_to_subs":false,"_jetpack_newsletter_tier_id":0,"_jetpack_memberships_contains_paywalled_content":false,"_jetpack_memberships_contains_paid_content":false,"footnotes":""},"categories":[12],"tags":[],"class_list":["post-726","post","type-post","status-publish","format-standard","has-post-thumbnail","hentry","category-etica-general"],"jetpack_sharing_enabled":true,"jetpack_featured_media_url":"https:\/\/expertosenetica.com\/wp-content\/uploads\/2020\/06\/unnamed.jpg","post_mailing_queue_ids":[],"_links":{"self":[{"href":"https:\/\/expertosenetica.com\/index.php\/wp-json\/wp\/v2\/posts\/726","targetHints":{"allow":["GET"]}}],"collection":[{"href":"https:\/\/expertosenetica.com\/index.php\/wp-json\/wp\/v2\/posts"}],"about":[{"href":"https:\/\/expertosenetica.com\/index.php\/wp-json\/wp\/v2\/types\/post"}],"author":[{"embeddable":true,"href":"https:\/\/expertosenetica.com\/index.php\/wp-json\/wp\/v2\/users\/1"}],"replies":[{"embeddable":true,"href":"https:\/\/expertosenetica.com\/index.php\/wp-json\/wp\/v2\/comments?post=726"}],"version-history":[{"count":0,"href":"https:\/\/expertosenetica.com\/index.php\/wp-json\/wp\/v2\/posts\/726\/revisions"}],"wp:featuredmedia":[{"embeddable":true,"href":"https:\/\/expertosenetica.com\/index.php\/wp-json\/wp\/v2\/media\/727"}],"wp:attachment":[{"href":"https:\/\/expertosenetica.com\/index.php\/wp-json\/wp\/v2\/media?parent=726"}],"wp:term":[{"taxonomy":"category","embeddable":true,"href":"https:\/\/expertosenetica.com\/index.php\/wp-json\/wp\/v2\/categories?post=726"},{"taxonomy":"post_tag","embeddable":true,"href":"https:\/\/expertosenetica.com\/index.php\/wp-json\/wp\/v2\/tags?post=726"}],"curies":[{"name":"wp","href":"https:\/\/api.w.org\/{rel}","templated":true}]}}