{"id":729,"date":"2020-06-27T12:17:31","date_gmt":"2020-06-27T10:17:31","guid":{"rendered":"https:\/\/expertosenetica.com\/?p=729"},"modified":"2020-06-27T12:17:31","modified_gmt":"2020-06-27T10:17:31","slug":"los-medicos-se-defienden-no-han-discriminado-a-enfermos-de-covid-19-por-su-edad","status":"publish","type":"post","link":"https:\/\/expertosenetica.com\/index.php\/2020\/06\/27\/los-medicos-se-defienden-no-han-discriminado-a-enfermos-de-covid-19-por-su-edad\/","title":{"rendered":"Los m\u00e9dicos se defienden: no han discriminado a enfermos de Covid-19 por su edad"},"content":{"rendered":"\n<p class=\"wp-block-paragraph\">(Ref elconfidencialdigital.com)<\/p>\n\n\n\n<p class=\"wp-block-paragraph\">\u201cEsto es un trauma.&nbsp;<strong>Vamos a denegar la cama a los pacientes que m\u00e1s riesgo de morir tienen<\/strong>&nbsp;pero necesitamos reservarla para los que m\u00e1s a\u00f1os de vida podemos salvar\u201d: es una de las frases m\u00e1s impactantes del v\u00eddeo de la charla de un m\u00e9dico en el&nbsp;<strong>Hospital de Parla (Madrid)&nbsp;<\/strong>que revel\u00f3 este jueves el diario&nbsp;<a href=\"https:\/\/elpais.com\/espana\/madrid\/2020-06-17\/vamos-a-denegar-la-cama-a-los-pacientes-que-mas-riesgo-de-morir-tienen.html\" target=\"_blank\" rel=\"noreferrer noopener\">El Pa\u00eds<\/a>.<\/p>\n\n\n\n<p class=\"wp-block-paragraph\">La noticia mostraba este v\u00eddeo como ejemplo de las \u00f3rdenes que se dieron en los hospitales madrile\u00f1os para&nbsp;<strong>cribar entre la avalancha de enfermos de coronavirus que colaps\u00f3 la sanidad<\/strong>&nbsp;en esta regi\u00f3n desde mediados de marzo.<\/p>\n\n\n\n<p class=\"wp-block-paragraph\">Como ya se hab\u00eda contado&nbsp;<a href=\"https:\/\/www.elconfidencialdigital.com\/articulo\/vivir\/hospitales\/20200319164359141202.html\" target=\"_blank\" rel=\"noreferrer noopener\">en estas p\u00e1ginas<\/a>, y como se fue revelando en documentos por ejemplo de la Generalitat de&nbsp;<a href=\"https:\/\/autonomico.elconfidencialdigital.com\/articulo\/cataluna\/familia-guardia-civil-fallecido-coronavirus-denuncia-homicidio-imprudente-hospital-catalan\/20200508181422025468.html\" target=\"_blank\" rel=\"noreferrer noopener\">Catalu\u00f1a<\/a>, en algunas comunidades aut\u00f3nomas y hospitales, la situaci\u00f3n de desbordamiento llev\u00f3 a&nbsp;<strong>priorizar el uso de respiradores y de camas de UCI<\/strong>&nbsp;entre los pacientes que llegaban.&nbsp;<strong>Uno de los criterios era la edad<\/strong>: pacientes muy mayores ten\u00edan menos opciones de recibir todas las atenciones.<\/p>\n\n\n\n<h2 class=\"wp-block-heading\"><em><strong>No s\u00f3lo se tuvo en cuenta la edad<\/strong><\/em><\/h2>\n\n\n\n<p class=\"wp-block-paragraph\">A la publicaci\u00f3n de ese v\u00eddeo en El Pa\u00eds han reaccionado&nbsp;<strong>diez sociedades de m\u00e9dicos<\/strong>, que han emitido un comunicado conjunto en el que&nbsp;<strong>defienden su actuaci\u00f3n<\/strong>&nbsp;durante esta epidemia de coronavirus y&nbsp;<strong>niegan haber cometido ninguna irregularidad<\/strong>.<\/p>\n\n\n\n<p class=\"wp-block-paragraph\">\u201cLos profesionales m\u00e9dicos, en todo momento y<strong>&nbsp;cumpliendo fielmente las normas \u00e9ticas y deontol\u00f3gicas<\/strong>&nbsp;de la profesi\u00f3n, han tomado decisiones cl\u00ednicas de elevad\u00edsima complejidad, valorando el balance riesgo-beneficio de asignar cualquier terapia o recurso sanitario a un paciente\u201d, comienzan se\u00f1alando.<\/p>\n\n\n\n<p class=\"wp-block-paragraph\">Esas decisiones cl\u00ednicas, subrayan, se han adoptado \u201catendiendo a criterios m\u00e9dicos y a sus necesidades cl\u00ednicas concretas\u201d y \u201cen base a&nbsp;<strong>m\u00faltiples aspectos<\/strong>, como su situaci\u00f3n de&nbsp;<strong>salud previa y\/o comorbilidades, y no con un \u00fanico criterio r\u00edgido<\/strong>&nbsp;como puede ser la&nbsp;<strong>edad<\/strong>\u201d.<\/p>\n\n\n\n<p class=\"wp-block-paragraph\">Es m\u00e1s, se\u00f1alan que en todo momento el personal sanitario \u201cha actuado con criterios ajustados a la evidencia cient\u00edfica disponible y a la praxis m\u00e9dica habitual y el objetivo no ha sido otro que&nbsp;<strong>velar por la salud de los pacientes y salvar vidas<\/strong>&nbsp;en un contexto complejo de crisis sanitaria, nunca antes vivido en la historia reciente, tanto en Espa\u00f1a como en el resto de pa\u00edses del mundo\u201d.<\/p>\n\n\n\n<h2 class=\"wp-block-heading\"><em><strong>Dilemas \u00e9ticos<\/strong><\/em><\/h2>\n\n\n\n<p class=\"wp-block-paragraph\">Insisten en esa idea al afirmar que m\u00e9dicos, enfermeros y dem\u00e1s profesionales sanitarios que han estado en primera l\u00ednea atendiendo a los contagiados de coronavirus \u201cse han enfrentado, pr\u00e1cticamente a diario, a&nbsp;<strong>decisiones complejas desde un punto de vista cl\u00ednico y \u00e9tico<\/strong>\u201d.<\/p>\n\n\n\n<p class=\"wp-block-paragraph\">En todo momento, aseguran, \u201cse han manejado los criterios \u00e9ticos y deontol\u00f3gicos de la profesi\u00f3n m\u00e9dica de cara a que, en cualquier centro sanitario u hospitalario, y en funci\u00f3n de la disponibilidad de recursos,&nbsp;<strong>se procurase para el paciente siempre la mejor atenci\u00f3n m\u00e9dica posible<\/strong>&nbsp;en este contexto de pandemia\u201d.<\/p>\n\n\n\n<p class=\"wp-block-paragraph\">Por otro lado, denuncian que esta crisis sanitaria, particularmente en regiones muy afectadas como Madrid, \u201cha supuesto un alto nivel de presi\u00f3n asistencial y los sanitarios han desempa\u00f1ado su labor de forma&nbsp;<strong>encomiable, entregada y ejemplar<\/strong>, pese a no disponer, en ocasiones, de todos los recursos \u00f3ptimos o que hubiesen sido los ideales o deseados para proteger al m\u00e1ximo nivel posible la salud de los pacientes y la suya propia\u201d.<\/p>\n\n\n\n<p class=\"wp-block-paragraph\">Suscriben este manifiesto diez entidades: Sociedad Espa\u00f1ola de Medicina Interna, Sociedad Espa\u00f1ola de Geriatr\u00eda y Gerontolog\u00eda, Sociedad Espa\u00f1ola de Medicina de Familia y Comunitaria, Sociedad Espa\u00f1ola de Medicina de Urgencias y Emergencias, Sociedad Espa\u00f1ola de Medicina Intensiva, Cr\u00edtica y Unidades Coronarias, Sociedad Espa\u00f1ola de Neumolog\u00eda y Cirug\u00eda Tor\u00e1cica, Sociedad Espa\u00f1ola de M\u00e9dicos de Atenci\u00f3n Primaria, Sociedad Espa\u00f1ola de M\u00e9dicos Generales y de Familia, Sociedad Espa\u00f1ola de Medicina Geri\u00e1trica y Sociedad Espa\u00f1ola de Anestesiolog\u00eda, Reanimaci\u00f3n y Terap\u00e9utica del Dolor.<\/p>\n","protected":false},"excerpt":{"rendered":"<p>(Ref elconfidencialdigital.com) \u201cEsto es un trauma.&nbsp;Vamos a denegar la cama a los pacientes que m\u00e1s riesgo de morir tienen&nbsp;pero necesitamos reservarla para los que m\u00e1s a\u00f1os de vida podemos salvar\u201d: es una de las frases m\u00e1s impactantes del v\u00eddeo de la charla de un m\u00e9dico en el&nbsp;Hospital de Parla (Madrid)&nbsp;que revel\u00f3 este jueves el diario&nbsp;El&#8230;<\/p>\n","protected":false},"author":1,"featured_media":730,"comment_status":"closed","ping_status":"open","sticky":false,"template":"","format":"standard","meta":{"_kadence_starter_templates_imported_post":false,"_kad_post_transparent":"","_kad_post_title":"","_kad_post_layout":"","_kad_post_sidebar_id":"","_kad_post_content_style":"","_kad_post_vertical_padding":"","_kad_post_feature":"","_kad_post_feature_position":"","_kad_post_header":false,"_kad_post_footer":false,"_kad_post_classname":"","_jetpack_newsletter_access":"","_jetpack_dont_email_post_to_subs":false,"_jetpack_newsletter_tier_id":0,"_jetpack_memberships_contains_paywalled_content":false,"_jetpack_memberships_contains_paid_content":false,"footnotes":""},"categories":[9],"tags":[30,31],"class_list":["post-729","post","type-post","status-publish","format-standard","has-post-thumbnail","hentry","category-etica-medica","tag-ancianos","tag-covid19"],"jetpack_sharing_enabled":true,"jetpack_featured_media_url":"https:\/\/expertosenetica.com\/wp-content\/uploads\/2020\/06\/2020042218194434635.jpg","post_mailing_queue_ids":[],"_links":{"self":[{"href":"https:\/\/expertosenetica.com\/index.php\/wp-json\/wp\/v2\/posts\/729","targetHints":{"allow":["GET"]}}],"collection":[{"href":"https:\/\/expertosenetica.com\/index.php\/wp-json\/wp\/v2\/posts"}],"about":[{"href":"https:\/\/expertosenetica.com\/index.php\/wp-json\/wp\/v2\/types\/post"}],"author":[{"embeddable":true,"href":"https:\/\/expertosenetica.com\/index.php\/wp-json\/wp\/v2\/users\/1"}],"replies":[{"embeddable":true,"href":"https:\/\/expertosenetica.com\/index.php\/wp-json\/wp\/v2\/comments?post=729"}],"version-history":[{"count":0,"href":"https:\/\/expertosenetica.com\/index.php\/wp-json\/wp\/v2\/posts\/729\/revisions"}],"wp:featuredmedia":[{"embeddable":true,"href":"https:\/\/expertosenetica.com\/index.php\/wp-json\/wp\/v2\/media\/730"}],"wp:attachment":[{"href":"https:\/\/expertosenetica.com\/index.php\/wp-json\/wp\/v2\/media?parent=729"}],"wp:term":[{"taxonomy":"category","embeddable":true,"href":"https:\/\/expertosenetica.com\/index.php\/wp-json\/wp\/v2\/categories?post=729"},{"taxonomy":"post_tag","embeddable":true,"href":"https:\/\/expertosenetica.com\/index.php\/wp-json\/wp\/v2\/tags?post=729"}],"curies":[{"name":"wp","href":"https:\/\/api.w.org\/{rel}","templated":true}]}}