{"id":733,"date":"2020-06-29T16:48:26","date_gmt":"2020-06-29T14:48:26","guid":{"rendered":"https:\/\/expertosenetica.com\/?p=733"},"modified":"2020-06-29T16:48:26","modified_gmt":"2020-06-29T14:48:26","slug":"conclusiones-etica-para-sanitarios","status":"publish","type":"post","link":"https:\/\/expertosenetica.com\/index.php\/2020\/06\/29\/conclusiones-etica-para-sanitarios\/","title":{"rendered":"El principio de justicia en \u00e9tica m\u00e9dica"},"content":{"rendered":"\n<figure class=\"wp-block-image size-large\"><img loading=\"lazy\" decoding=\"async\" width=\"245\" height=\"327\" src=\"https:\/\/expertosenetica.com\/wp-content\/uploads\/2020\/06\/FOTO-EXPERTO.jpg\" alt=\"\" class=\"wp-image-734\" srcset=\"https:\/\/expertosenetica.com\/wp-content\/uploads\/2020\/06\/FOTO-EXPERTO.jpg 245w, https:\/\/expertosenetica.com\/wp-content\/uploads\/2020\/06\/FOTO-EXPERTO-225x300.jpg 225w\" sizes=\"auto, (max-width: 245px) 100vw, 245px\" \/><figcaption>Dr. Francisco Antonio Zambrana Mart\u00ednez<\/figcaption><\/figure>\n\n\n\n<p class=\"wp-block-paragraph\">Inicialmente quisiera agradecer a los profesores Fern\u00e1ndez-Crehuet y Mora M\u00e9rida la gran sensibilidad que han mostrado a lo largo de todo el curso con los diferentes temas abordados, as\u00ed como darles las gracias por la cercan\u00eda, entusiasmo, su trato afable, profesionalidad y disponibilidad que han tenido en todo momento con los alumnos. As\u00ed que espero sigan celebr\u00e1ndose muchas ediciones de este curso de \u00c9tica para Sanitarios para ayudarnos a ser cr\u00edticos y resolver nuestros dilemas diarios.<\/p>\n\n\n\n<p class=\"wp-block-paragraph\">Como tema para el TFE a principios de Marzo de 2020 eleg\u00ed el \u201cPrincipio de Justicia\u201d que a ra\u00edz de la pandemia de COVID-19 vi c\u00f3mo este Principio en manos de la autoridad sanitaria y de la Administraci\u00f3n p\u00fablica iba perdiendo toda su esencia, por lo que me centr\u00e9 en ello y muy especialmente en lo ocurrido en nuestro pa\u00eds con las personas mayores principalmente en las residencias.<\/p>\n\n\n\n<p class=\"wp-block-paragraph\">El principal dilema \u00c9tico con el que nos encontramos en esta pandemia y en concreto en Espa\u00f1a ha sido la priorizaci\u00f3n de pacientes llevada a cabo por pol\u00e9micos triajes como el de la SEMICYUC (Sociedad Espa\u00f1ola de Medicina Intensiva, Cr\u00edtica y Unidades Coronarias) donde se priorizaban a los pacientes en base a dos par\u00e1metros:<\/p>\n\n\n\n<p class=\"wp-block-paragraph\">\uf0d8 La edad<br>\uf0d8 El valor social de la persona enferma (utilidad de la persona)<\/p>\n\n\n\n<p class=\"wp-block-paragraph\">Igualmente se emitieron desde la Administraci\u00f3n P\u00fablica correos a residencias y M\u00e9dicos de Atenci\u00f3n Primaria para que no se trasladasen a hospitales a pacientes mayores con infecciones respiratorias as\u00ed como a personas con discapacidad y en caso de que estos pacientes estuvieran ya en hospitales tuviesen el acceso restringido a las Unidades de Cuidados Intensivos.<\/p>\n\n\n\n<p class=\"wp-block-paragraph\">Este escenario ha hecho que sanitarios y familiares de enfermos por COVID-19 vivan momentos de estr\u00e9s y de angustia no s\u00f3lo por la dantesca situaci\u00f3n que se estaba viviendo sino tambi\u00e9n por la falta de transparencia de la Administraci\u00f3n con los datos de nuevos infectados y fallecidos de COVID-19. De la misma manera hubo por parte de la Administraci\u00f3n un trato deshumano hacia los fallecidos y sus familiares al no poder despedirse de los mismos y afrontar el duelo de una manera natural.<\/p>\n\n\n\n<p class=\"wp-block-paragraph\">Se ha podido constatar c\u00f3mo el sistema sanitario ha colapsado, as\u00ed como ha mostrado grandes limitaciones ante la falta de recursos, principalmente material b\u00e1sico<\/p>\n\n\n\n<p class=\"wp-block-paragraph\">(mascarillas, batas, guantes, respiradores&#8230;), falta de personal y falta de infraestructuras (principalmente camas de UCI).<\/p>\n\n\n\n<p class=\"wp-block-paragraph\">Al absorber la autoridad sanitaria el Principio de Justicia tambi\u00e9n se ha visto afectado el Principio de Autonom\u00eda al no poder decidir el paciente sobre lo que quiere.<\/p>\n\n\n\n<p class=\"wp-block-paragraph\">Ante tal pol\u00e9mica pronto se escucha la voz del Comit\u00e9 de Bio\u00e9tica de Espa\u00f1a (ya a finales de Marzo de 2020) reivindicando que la edad no debe denegar o limitar la asistencia sanitaria as\u00ed como que la discapacidad no es un motivo de descarte de asistencia sanitaria. Este Comit\u00e9 plantea que lo realmente decisivo es el pron\u00f3stico y el estado del paciente as\u00ed como que los tratamientos aplicados sean efectivos y no impliquen riesgos innecesarios.<\/p>\n\n\n\n<p class=\"wp-block-paragraph\">Esta crisis sanitaria a parte de crear una crisis social, ha creado tambi\u00e9n una crisis asistencial dando lugar a un gran debate \u00e9tico cuyos resultados debieran ser \u00fatiles en un futuro ante posibles crisis y sirviesen para orientar a personal facultativo y autoridades.<\/p>\n\n\n\n<p class=\"wp-block-paragraph\">Los dilemas \u00e9ticos han surgido principalmente por la gravedad, urgencia, riesgo y masificaci\u00f3n del Sistema de Salud ante los l\u00edmites de los recursos del mismo, haci\u00e9ndose visibles las carencias y deficiencias del sistema.<\/p>\n\n\n\n<p class=\"wp-block-paragraph\">Ante este contexto se hace necesario el que surja un marco \u00e9tico donde se puedan tomar las decisiones cl\u00ednicas justas y necesarias en estas situaciones de estr\u00e9s y gran carga emocional donde se debe de aplicar correctamente el Principio de Justicia entre todos los pacientes que requieran de una asistencia sanitaria de calidad y equitativa ante cualquier situaci\u00f3n o escenario que nos toque vivir.<\/p>\n","protected":false},"excerpt":{"rendered":"<p>Inicialmente quisiera agradecer a los profesores Fern\u00e1ndez-Crehuet y Mora M\u00e9rida la gran sensibilidad que han mostrado a lo largo de todo el curso con los diferentes temas abordados, as\u00ed como darles las gracias por la cercan\u00eda, entusiasmo, su trato afable, profesionalidad y disponibilidad que han tenido en todo momento con los alumnos. As\u00ed que espero&#8230;<\/p>\n","protected":false},"author":1,"featured_media":0,"comment_status":"closed","ping_status":"open","sticky":false,"template":"","format":"standard","meta":{"_kadence_starter_templates_imported_post":false,"_kad_post_transparent":"","_kad_post_title":"","_kad_post_layout":"","_kad_post_sidebar_id":"","_kad_post_content_style":"","_kad_post_vertical_padding":"","_kad_post_feature":"","_kad_post_feature_position":"","_kad_post_header":false,"_kad_post_footer":false,"_kad_post_classname":"","_jetpack_newsletter_access":"","_jetpack_dont_email_post_to_subs":false,"_jetpack_newsletter_tier_id":0,"_jetpack_memberships_contains_paywalled_content":false,"_jetpack_memberships_contains_paid_content":false,"footnotes":""},"categories":[9],"tags":[],"class_list":["post-733","post","type-post","status-publish","format-standard","hentry","category-etica-medica"],"jetpack_sharing_enabled":true,"jetpack_featured_media_url":"","post_mailing_queue_ids":[],"_links":{"self":[{"href":"https:\/\/expertosenetica.com\/index.php\/wp-json\/wp\/v2\/posts\/733","targetHints":{"allow":["GET"]}}],"collection":[{"href":"https:\/\/expertosenetica.com\/index.php\/wp-json\/wp\/v2\/posts"}],"about":[{"href":"https:\/\/expertosenetica.com\/index.php\/wp-json\/wp\/v2\/types\/post"}],"author":[{"embeddable":true,"href":"https:\/\/expertosenetica.com\/index.php\/wp-json\/wp\/v2\/users\/1"}],"replies":[{"embeddable":true,"href":"https:\/\/expertosenetica.com\/index.php\/wp-json\/wp\/v2\/comments?post=733"}],"version-history":[{"count":0,"href":"https:\/\/expertosenetica.com\/index.php\/wp-json\/wp\/v2\/posts\/733\/revisions"}],"wp:attachment":[{"href":"https:\/\/expertosenetica.com\/index.php\/wp-json\/wp\/v2\/media?parent=733"}],"wp:term":[{"taxonomy":"category","embeddable":true,"href":"https:\/\/expertosenetica.com\/index.php\/wp-json\/wp\/v2\/categories?post=733"},{"taxonomy":"post_tag","embeddable":true,"href":"https:\/\/expertosenetica.com\/index.php\/wp-json\/wp\/v2\/tags?post=733"}],"curies":[{"name":"wp","href":"https:\/\/api.w.org\/{rel}","templated":true}]}}