{"id":776,"date":"2020-09-12T12:53:47","date_gmt":"2020-09-12T10:53:47","guid":{"rendered":"https:\/\/expertosenetica.com\/?p=776"},"modified":"2020-09-12T12:53:47","modified_gmt":"2020-09-12T10:53:47","slug":"un-catedratico-emerito-de-la-uma-coordina-un-comite-que-hara-una-auditoria-sincera-de-la-covid-19","status":"publish","type":"post","link":"https:\/\/expertosenetica.com\/index.php\/2020\/09\/12\/un-catedratico-emerito-de-la-uma-coordina-un-comite-que-hara-una-auditoria-sincera-de-la-covid-19\/","title":{"rendered":"Un catedr\u00e1tico em\u00e9rito de la UMA coordina un comit\u00e9 que har\u00e1 una auditor\u00eda \u00absincera\u00bb de la Covid-19"},"content":{"rendered":"\n<p class=\"wp-block-paragraph\">Este grupo de expertos, a cuyo frente est\u00e1 el doctor Fern\u00e1ndez-Crehuet,  presentar\u00e1 su informe a la Consejer\u00eda Salud a finales de septiembre.<\/p>\n\n\n\n<p class=\"wp-block-paragraph\"><strong>El catedr\u00e1tico em\u00e9rito de Medicina Preventiva y Salud P\u00fablica de la Universidad de M\u00e1laga (UMA) y director de la c\u00e1tedra de \u00e9tica m\u00e9dica, Joaqu\u00edn Fern\u00e1ndez-Crehuet<\/strong>, ha sido nombrado por la Consejer\u00eda de Salud y Familias\u00a0<strong>coordinador de un comit\u00e9 asesor externo que realizar\u00e1 un informe sobre el balance de la gesti\u00f3n de la pandemia del Covid-19 en Andaluc\u00eda<\/strong>\u00a0y har\u00e1 propuestas de mejora. \u00abVamos a elaborar una auditor\u00eda t\u00e9cnica, sincera y bien argumentada\u00bb, asegur\u00f3 ayer a SUR el doctor Fern\u00e1ndez Crehuet. El informe que preparan la veintena de expertos que conforman el comit\u00e9 se entregar\u00e1 a finales de septiembre a la Consejer\u00eda de Salud.<\/p>\n\n\n\n<p class=\"wp-block-paragraph\">El nombramiento de Fern\u00e1ndez-Crehuet como coordinador de este comit\u00e9 asesor lo hizo el consejero de Salud, Jes\u00fas Aguirre, a propuesta del Consejo Andaluz de Colegio de M\u00e9dicos. De los candidatos que se propusieron, Aguirre eligi\u00f3 al catedr\u00e1tico em\u00e9rito de la UMA.&nbsp;<strong>En el comit\u00e9 hay catedr\u00e1ticos, m\u00e9dicos, microbi\u00f3logos, profesores de la Escuela Andaluza de Salud P\u00fablica, veterinarios, farmac\u00e9uticos y enfermeros.<\/strong>&nbsp;Adem\u00e1s de Fern\u00e1ndez-Crehuet,&nbsp;<strong>otro malague\u00f1o que forma parte del grupo de expertos es el enfermero Juan Carlos Morilla<\/strong>, director de la unidad de residencias y gesti\u00f3n de casos del distrito sanitario M\u00e1laga-Guadalhorce.<\/p>\n\n\n\n<p class=\"wp-block-paragraph\">\u00abEl comit\u00e9 de expertos que coordino lo integran profesionales muy bien preparados. Nuestra misi\u00f3n es realizar un an\u00e1lisis de la situaci\u00f3n de la pandemia del Covid-19 en Andaluc\u00eda con&nbsp;<strong>la finalidad de que lo que se hace mal se haga bien y de que lo que se lleva a cabo bien se haga a\u00fan mejor\u00bb, explic\u00f3 Fern\u00e1ndez-Crehuet.<\/strong><\/p>\n\n\n\n<p class=\"wp-block-paragraph\">Este especialista en medicina preventiva y salud p\u00fablica destac\u00f3 que<strong>&nbsp;el reto que tiene ante s\u00ed el comit\u00e9 es trabajar de forma din\u00e1mica, de modo que cada experto presente propuestas del tema que domina.<\/strong>&nbsp;Entre otros asuntos, en el informe que se presentar\u00e1 a Salud se incidir\u00e1 en los protocolos cl\u00ednicos, c\u00f3mo debe actuarse con las personas que conviven con contagiados por el coronavirus y qu\u00e9 hacer en las residencias de ancianos para reducir el peligro del Covid-19.&nbsp;<strong>\u00abVamos a presentar una auditor\u00eda basada en criterios racionales, prudentes y bien argumentados\u00bb,<\/strong>&nbsp;dijo Joaqu\u00edn Fern\u00e1ndez-Crehuet, que es acad\u00e9mico de n\u00famero de la Real Academia de Medicina de Andaluc\u00eda Oriental.<\/p>\n","protected":false},"excerpt":{"rendered":"<p>Este grupo de expertos, a cuyo frente est\u00e1 el doctor Fern\u00e1ndez-Crehuet, presentar\u00e1 su informe a la Consejer\u00eda Salud a finales de septiembre. El catedr\u00e1tico em\u00e9rito de Medicina Preventiva y Salud P\u00fablica de la Universidad de M\u00e1laga (UMA) y director de la c\u00e1tedra de \u00e9tica m\u00e9dica, Joaqu\u00edn Fern\u00e1ndez-Crehuet, ha sido nombrado por la Consejer\u00eda de Salud&#8230;<\/p>\n","protected":false},"author":1,"featured_media":777,"comment_status":"closed","ping_status":"open","sticky":false,"template":"","format":"standard","meta":{"_kadence_starter_templates_imported_post":false,"_kad_post_transparent":"","_kad_post_title":"","_kad_post_layout":"","_kad_post_sidebar_id":"","_kad_post_content_style":"","_kad_post_vertical_padding":"","_kad_post_feature":"","_kad_post_feature_position":"","_kad_post_header":false,"_kad_post_footer":false,"_kad_post_classname":"","_jetpack_newsletter_access":"","_jetpack_dont_email_post_to_subs":false,"_jetpack_newsletter_tier_id":0,"_jetpack_memberships_contains_paywalled_content":false,"_jetpack_memberships_contains_paid_content":false,"footnotes":""},"categories":[11,12,8],"tags":[31],"class_list":["post-776","post","type-post","status-publish","format-standard","has-post-thumbnail","hentry","category-deontologia","category-etica-general","category-investigacion","tag-covid19"],"jetpack_sharing_enabled":true,"jetpack_featured_media_url":"https:\/\/expertosenetica.com\/wp-content\/uploads\/2020\/09\/fernandez.-RutPM0akXNqgDFWkkJ12KFP-624x385@Diario-Sur.jpg","post_mailing_queue_ids":[],"_links":{"self":[{"href":"https:\/\/expertosenetica.com\/index.php\/wp-json\/wp\/v2\/posts\/776","targetHints":{"allow":["GET"]}}],"collection":[{"href":"https:\/\/expertosenetica.com\/index.php\/wp-json\/wp\/v2\/posts"}],"about":[{"href":"https:\/\/expertosenetica.com\/index.php\/wp-json\/wp\/v2\/types\/post"}],"author":[{"embeddable":true,"href":"https:\/\/expertosenetica.com\/index.php\/wp-json\/wp\/v2\/users\/1"}],"replies":[{"embeddable":true,"href":"https:\/\/expertosenetica.com\/index.php\/wp-json\/wp\/v2\/comments?post=776"}],"version-history":[{"count":0,"href":"https:\/\/expertosenetica.com\/index.php\/wp-json\/wp\/v2\/posts\/776\/revisions"}],"wp:featuredmedia":[{"embeddable":true,"href":"https:\/\/expertosenetica.com\/index.php\/wp-json\/wp\/v2\/media\/777"}],"wp:attachment":[{"href":"https:\/\/expertosenetica.com\/index.php\/wp-json\/wp\/v2\/media?parent=776"}],"wp:term":[{"taxonomy":"category","embeddable":true,"href":"https:\/\/expertosenetica.com\/index.php\/wp-json\/wp\/v2\/categories?post=776"},{"taxonomy":"post_tag","embeddable":true,"href":"https:\/\/expertosenetica.com\/index.php\/wp-json\/wp\/v2\/tags?post=776"}],"curies":[{"name":"wp","href":"https:\/\/api.w.org\/{rel}","templated":true}]}}