{"id":780,"date":"2020-10-09T10:40:54","date_gmt":"2020-10-09T08:40:54","guid":{"rendered":"https:\/\/expertosenetica.com\/?p=780"},"modified":"2020-10-09T10:40:54","modified_gmt":"2020-10-09T08:40:54","slug":"el-comite-de-bioetica-niega-que-la-eutanasia-sea-un-derecho","status":"publish","type":"post","link":"https:\/\/expertosenetica.com\/index.php\/2020\/10\/09\/el-comite-de-bioetica-niega-que-la-eutanasia-sea-un-derecho\/","title":{"rendered":"El Comit\u00e9 de Bio\u00e9tica niega que la eutanasia sea \u00abun derecho\u00bb"},"content":{"rendered":"\n<p class=\"wp-block-paragraph\">Ref (abc.es)<\/p>\n\n\n\n<p class=\"wp-block-paragraph\">Doce expertos, doce sensibilidades diferentes han conseguido aunar una posici\u00f3n integradora en uno de los debates \u00e9ticos m\u00e1s complejos y delicados que existen. El Comit\u00e9 de Bio\u00e9tica de Espa\u00f1a (CBE)<strong>&nbsp;ha rechazado, por unanimidad y sin votos particulares, los fundamentos de la ley de eutanasia&nbsp;<\/strong>que se tramita en el Congreso de los Diputados. Ni los informes previos del aborto ni de la gestaci\u00f3n subrogada hab\u00edan conseguido aprobarse con la unanimidad de todos sus miembros.<\/p>\n\n\n\n<p class=\"wp-block-paragraph\">El Gobierno no hab\u00eda solicitado su opini\u00f3n. Pero el Comit\u00e9 de Bio\u00e9tica en el ejercicio de sus funciones -emitir informes en asuntos con implicaciones bio\u00e9ticas relevantes- ha considerado advertir al Ejecutivo de que la ley propuesta<strong>&nbsp;no es v\u00e1lida desde un punto de vista \u00e9tico.<\/strong><\/p>\n\n\n\n<p class=\"wp-block-paragraph\">No s\u00f3lo despenaliza la eutanasia como una mera excepci\u00f3n a la regla general que exige proteger la vida, sino va m\u00e1s all\u00e1 y reconoce la muerte como un derecho incorporable al cat\u00e1logo de prestaciones de la Sanidad p\u00fablica.<\/p>\n\n\n\n<p class=\"wp-block-paragraph\">El informe concluye que \u00abexisten s\u00f3lidas razones sanitarias, \u00e9ticas, legales, econ\u00f3micas y sociales para rechazar la transformaci\u00f3n de la eutanasia&nbsp;<strong>en un derecho subjetivo<\/strong>&nbsp;y en una prestaci\u00f3n p\u00fablica\u00bb.<\/p>\n\n\n\n<h3 class=\"wp-block-heading\">El riesgo de la compasi\u00f3n<\/h3>\n\n\n\n<p class=\"wp-block-paragraph\">En su informe los expertos en bio\u00e9tica abordan las claves del debate de la eutanasia ajenos a ideolog\u00edas pol\u00edticas y a la realidad de nuestra sociedad. Estas son: la protecci\u00f3n de la vida, el respeto de los valores individuales, la solidaridad y, sobre todo, la&nbsp;<strong>compasi\u00f3n<\/strong>. Este es el t\u00e9rmino m\u00e1s repetido a lo largo de las 74 p\u00e1ginas del documento. En su argumentaci\u00f3n, piden que se mire siempre \u00abcon compasi\u00f3n\u00bb el deseo de una persona a poner fin a su vida cuando existe un gran sufrimiento f\u00edsico o ps\u00edquico.<\/p>\n\n\n\n<p class=\"wp-block-paragraph\">Se debe evitar el dolor y procurarle una muerte en paz, \u00absin embargo, tal compasi\u00f3n no consideramos que legitime \u00e9tica y legalmente esta solicitud. Legalizar la eutanasia o el suicidio asistido supone<strong>&nbsp;iniciar un camino de desvalor<\/strong>&nbsp;de la protecci\u00f3n de la vida humana cuyas fronteras son harto dif\u00edciles de prever, como la experiencia de nuestro entorno nos muestra\u00bb, escriben.<\/p>\n\n\n\n<p class=\"wp-block-paragraph\">El comit\u00e9 reconoce que es f\u00e1cil simpatizar con el sufrimiento de alguien, \u00abpero basar nuestro sistema \u00e9tico y legal en aqu\u00e9lla es peligroso y<strong>&nbsp;jur\u00eddicamente inseguro<\/strong>\u00bb. Y advierten que legalizar la eutanasia como un derecho \u00abpuede afectar al futuro de las personas m\u00e1s vulnerables\u00bb. La compasi\u00f3n dicen, debe conjungarse con responsabilidad y prudencia, adem\u00e1s del \u00abdeber de no abandono y la solidaridad\u00bb.<\/p>\n\n\n\n<p class=\"wp-block-paragraph\">Uno de los temores es que por tratar con compasi\u00f3n a los pocos casos que se presenten, se abra un camino que deval\u00fae el valor \u00e9tico y legal de la vida humana. Los doce expertos en bio\u00e9tica creen que cada uno de los casos que podr\u00edan considerarse beneficiarios de una eutanasia \u00abson situaciones tan especiales que<strong>&nbsp;se hacen dif\u00edcilmente generalizables<\/strong>\u00bb. En definitiva, temen que la eutanasia se convierta en una pr\u00e1ctica que quede en manos del Estado.<\/p>\n\n\n\n<p class=\"wp-block-paragraph\">Citan la declaraci\u00f3n que la Sociedad Espa\u00f1ola de Cuidados Paliativos realiz\u00f3 en 2002 en la que se advierte tambi\u00e9n&nbsp;<strong>del riesgo de generalizar esta pr\u00e1ctica. L<\/strong>os m\u00e9dicos encargados de atender los cuidados al final de la vida reconoc\u00edan entonces que pod\u00eda haber personas a favor de la eutanasia en determinadas circunstancias extremas y, al mismo tiempo, en contra de su legalizaci\u00f3n para evitar repercusiones negativas. Ese concepto de pendiente resbaladiza que la bio\u00e9tica conoce tan bien. La ley de Eutanasia abrir\u00eda un camino que ser\u00e1 dif\u00edcil detener.<\/p>\n\n\n\n<p class=\"wp-block-paragraph\">El documento tambi\u00e9n critica al Gobierno por tramitar una ley<strong>&nbsp;sin haber universalizado previamente los tratamientos&nbsp;<\/strong>y apoyos sociales que necesitan los enfermos cr\u00f3nicos y aqu\u00e9llos en una situaci\u00f3n terminal. \u00abSe propone poner fin a la vida de una persona como \u00fanica soluci\u00f3n a su situaci\u00f3n de sufrimiento\u00bb, recuerdan.<\/p>\n\n\n\n<h3 class=\"wp-block-heading\">Sin cuidados ni apoyo<\/h3>\n\n\n\n<p class=\"wp-block-paragraph\">Desde una perspectiva \u00e9tica, exigen que los cuidados paliativos y el apoyo sociosanitario&nbsp;<strong>sean accesibles y universales.<\/strong>&nbsp;\u00abEse ser\u00eda el camino a emprender de manera inmediata y no la de proclamar un derecho a acabar con la propia vida a trav\u00e9s de una prestaci\u00f3n p\u00fablica\u00bb.<\/p>\n\n\n\n<p class=\"wp-block-paragraph\">Los doce miembros del Comit\u00e9 de Bio\u00e9tica niegan una m\u00e1xima instalada en la sociedad. \u00bfEs la eutanasia un s\u00edmbolo de progreso, de pa\u00eds avanzado? Su respuesta no deja lugar a la duda: \u00ab<strong>Ni la eutanasia ni el auxilio al suicidio son signos de progreso<\/strong>, sino un retroceso de la civilizaci\u00f3n. En un contexto en que el valor de la vida humana con frecuencia se condiciona a criterios de utilidad social, inter\u00e9s econ\u00f3mico, responsabilidades familiares y cargas o gasto p\u00fablico, la legalizaci\u00f3n de la muerte temprana agregar\u00eda un nuevo conjunto de problemas\u00bb.<\/p>\n","protected":false},"excerpt":{"rendered":"<p>Ref (abc.es) Doce expertos, doce sensibilidades diferentes han conseguido aunar una posici\u00f3n integradora en uno de los debates \u00e9ticos m\u00e1s complejos y delicados que existen. El Comit\u00e9 de Bio\u00e9tica de Espa\u00f1a (CBE)&nbsp;ha rechazado, por unanimidad y sin votos particulares, los fundamentos de la ley de eutanasia&nbsp;que se tramita en el Congreso de los Diputados. Ni&#8230;<\/p>\n","protected":false},"author":1,"featured_media":781,"comment_status":"closed","ping_status":"open","sticky":false,"template":"","format":"standard","meta":{"_kadence_starter_templates_imported_post":false,"_kad_post_transparent":"","_kad_post_title":"","_kad_post_layout":"","_kad_post_sidebar_id":"","_kad_post_content_style":"","_kad_post_vertical_padding":"","_kad_post_feature":"","_kad_post_feature_position":"","_kad_post_header":false,"_kad_post_footer":false,"_kad_post_classname":"","_jetpack_newsletter_access":"","_jetpack_dont_email_post_to_subs":false,"_jetpack_newsletter_tier_id":0,"_jetpack_memberships_contains_paywalled_content":false,"_jetpack_memberships_contains_paid_content":false,"footnotes":""},"categories":[12,5],"tags":[19],"class_list":["post-780","post","type-post","status-publish","format-standard","has-post-thumbnail","hentry","category-etica-general","category-eutanasia","tag-eutanasia"],"jetpack_sharing_enabled":true,"jetpack_featured_media_url":"https:\/\/expertosenetica.com\/wp-content\/uploads\/2020\/10\/Euta.png","post_mailing_queue_ids":[],"_links":{"self":[{"href":"https:\/\/expertosenetica.com\/index.php\/wp-json\/wp\/v2\/posts\/780","targetHints":{"allow":["GET"]}}],"collection":[{"href":"https:\/\/expertosenetica.com\/index.php\/wp-json\/wp\/v2\/posts"}],"about":[{"href":"https:\/\/expertosenetica.com\/index.php\/wp-json\/wp\/v2\/types\/post"}],"author":[{"embeddable":true,"href":"https:\/\/expertosenetica.com\/index.php\/wp-json\/wp\/v2\/users\/1"}],"replies":[{"embeddable":true,"href":"https:\/\/expertosenetica.com\/index.php\/wp-json\/wp\/v2\/comments?post=780"}],"version-history":[{"count":0,"href":"https:\/\/expertosenetica.com\/index.php\/wp-json\/wp\/v2\/posts\/780\/revisions"}],"wp:featuredmedia":[{"embeddable":true,"href":"https:\/\/expertosenetica.com\/index.php\/wp-json\/wp\/v2\/media\/781"}],"wp:attachment":[{"href":"https:\/\/expertosenetica.com\/index.php\/wp-json\/wp\/v2\/media?parent=780"}],"wp:term":[{"taxonomy":"category","embeddable":true,"href":"https:\/\/expertosenetica.com\/index.php\/wp-json\/wp\/v2\/categories?post=780"},{"taxonomy":"post_tag","embeddable":true,"href":"https:\/\/expertosenetica.com\/index.php\/wp-json\/wp\/v2\/tags?post=780"}],"curies":[{"name":"wp","href":"https:\/\/api.w.org\/{rel}","templated":true}]}}