{"id":803,"date":"2020-11-26T21:20:53","date_gmt":"2020-11-26T20:20:53","guid":{"rendered":"https:\/\/expertosenetica.com\/?p=803"},"modified":"2020-11-26T21:20:53","modified_gmt":"2020-11-26T20:20:53","slug":"dr-jacinto-batiz-la-eutanasia-no-es-un-acto-medico","status":"publish","type":"post","link":"https:\/\/expertosenetica.com\/index.php\/2020\/11\/26\/dr-jacinto-batiz-la-eutanasia-no-es-un-acto-medico\/","title":{"rendered":"Dr. Jacinto B\u00e1tiz: \u201cLa eutanasia no es un acto m\u00e9dico\u201d"},"content":{"rendered":"\n<p class=\"wp-block-paragraph\">El director del Instituto para Cuidar Mejor del Hospital San Juan de Dios de Santurce (Vizcaya) imparti\u00f3 ayer una conferencia online en el Foro de Deontolog\u00eda del Colegio de M\u00e9dicos de Zaragoza.<\/p>\n\n\n\n<p class=\"wp-block-paragraph\">En su charla abord\u00f3 la diferencia entre cuidados paliativos y eutanasia e indic\u00f3 que los m\u00e9dicos deben estar preparados para escuchar algo m\u00e1s que una petici\u00f3n de morir.<\/p>\n\n\n\n<p class=\"wp-block-paragraph\"><strong>Zaragoza, 26 de noviembre de 2020.<\/strong> \u00bfPor qu\u00e9 una persona enferma solicita la muerte? Como m\u00e9dicos \u00bfc\u00f3mo podemos comprenderlo? \u00bfQuiere decir que acabemos con su vida?, \u00bfo que acabemos con ese dolor insoportable que padece?, \u00bfo con su angustia?, \u00bfo con su soledad? Son algunas de las preguntas que se han analizado en la sesi\u00f3n \u201cEl enfermo, la eutanasia y el m\u00e9dico\u201d, del Foro de Deontolog\u00eda del Colegio de M\u00e9dicos de Zaragoza.<\/p>\n\n\n\n<p class=\"wp-block-paragraph\">Para abordar este tema se ha contado con el Dr. Jacinto B\u00e1tiz Cantera como conferenciante. El experto, director del Instituto para Cuidar Mejor del Hospital San Juan de Dios de Santurce (Vizcaya) y Secretario de la Comisi\u00f3n Central de Deontolog\u00eda de la OMC, explic\u00f3 que <strong>\u201c<\/strong><strong>la eutanasia no es un acto m<\/strong><strong>\u00e9<\/strong><strong>dico<\/strong><strong>\u201d<\/strong> y advirti\u00f3 de que <strong>\u201c<\/strong><strong>una ciencia m<\/strong><strong>\u00e9<\/strong><strong>dica que necesita de la eutanasia tiene que transformarse tan pronto como sea posible en una medicina que procure cuidados cuando ya no hay curaci\u00f3<\/strong><strong>n\u201d.<\/strong><\/p>\n\n\n\n<p class=\"wp-block-paragraph\">As\u00ed, en este espacio de debate y reflexi\u00f3n para la profesi\u00f3n m\u00e9dica, que por la actual pandemia de la COVID-19 se ha ofrecido en formato virtual, se hizo un an\u00e1lisis en profundidad sobre qu\u00e9 es la eutanasia, el suicido medicamente asistido y los cuidados paliativos.<\/p>\n\n\n\n<p class=\"wp-block-paragraph\">El Dr. Jacinto B\u00e1tiz, que cuenta con m\u00e1s de 26 a\u00f1os de experiencia en atenci\u00f3n paliativa, explic\u00f3 que <strong>\u201c<\/strong><strong>los cuidados paliativos cuidan de la vida de las personas. Estos cuidados no tienen como objetivo la muerte, sino que cuidan la vida mientras <\/strong><strong>\u00e9<\/strong><strong>sta llega a su tiempo, evitando el sufrimiento<\/strong><strong>\u201d<\/strong>.<\/p>\n\n\n\n<p class=\"wp-block-paragraph\">En cambio, <strong>\u201c<\/strong><strong>la eutanasia es la provocaci\u00f3n de la muerte de una persona que padece una enfermedad avanzada o terminal a petici\u00f3n expresa de <\/strong><strong>\u00e9<\/strong><strong>sta y en un contexto m<\/strong><strong>\u00e9<\/strong><strong>dico. El suicidio m<\/strong><strong>\u00e9<\/strong><strong>dicamente asistido es cuando la actuaci\u00f3n del profesional se limita a proporcionar al paciente los medios imprescindibles para que sea <\/strong><strong>\u00e9<\/strong><strong>l mismo quien se produzca la muerte<\/strong><strong>\u201d.<\/strong><\/p>\n\n\n\n<p class=\"wp-block-paragraph\">El Dr. B\u00e1tiz, indic\u00f3 que \u201c<strong>cuando alguien pide la eutanasia <\/strong><strong>porque no quiere vivir as<\/strong><strong>\u00ed,<\/strong><strong> debe ser considerada generalmente como una demanda de mayor atenci\u00f3n y suele desaparecer cuando se soluciona el <\/strong><strong>\u2018<\/strong><strong>as\u00ed\u2019\u201d<\/strong>. En ese sentido, se\u00f1al\u00f3 que es importante que los profesionales sanitarios sean conscientes de que quien sufre y se encuentra ante el final de la vida necesita: ser acompa\u00f1ado; ser protegido; ser ayudado a responder a las cuestiones fundamentales de la existencia; abordar con esperanza su situaci\u00f3n; recibir los cuidados con competencia t\u00e9cnica y calidad humana; ser acompa\u00f1ado por su familia y sus seres queridos; y recibir consuelo espiritual.<\/p>\n\n\n\n<p class=\"wp-block-paragraph\"><strong>Es un deber del m<\/strong><strong>\u00e9<\/strong><strong>dico aliviar el sufrimiento y eliminar el dolor<\/strong><strong><\/strong><\/p>\n\n\n\n<p class=\"wp-block-paragraph\">El deseo de morir bien es una leg\u00edtima aspiraci\u00f3n de los seres humanos. <strong>\u201c<\/strong><strong>Este deseo nos obliga a los profesionales de la salud a ayudar a nuestros enfermos a que mueran bien, sin sufrimiento alguno<\/strong><strong>\u201d, <\/strong>explic\u00f3 el Dr. B\u00e1tiz.<\/p>\n\n\n\n<p class=\"wp-block-paragraph\"><strong>\u201c<\/strong><strong>Los m<\/strong><strong>\u00e9<\/strong><strong>dicos debemos estar preparados para escuchar algo m<\/strong><strong>\u00e1<\/strong><strong>s que una petici\u00f3n de morir, porque para aliviar su sufrimiento debemos hacer un control adecuado y en<\/strong><strong>\u00e9<\/strong><strong>rgico de los s<\/strong><strong>\u00ed<\/strong><strong>ntomas que le hacen sufrir<\/strong><strong>\u201d<\/strong>, explic\u00f3 el Dr. B\u00e1tiz. Por ello, <strong>\u201c<\/strong><strong>debemos evitar aquellos tratamientos que son in<\/strong><strong>\u00fa<\/strong><strong>tiles en esa situaci\u00f3<\/strong><strong>n cl\u00ed<\/strong><strong>nica y que les <\/strong><strong>provocar<\/strong><strong>\u00edan m\u00e1<\/strong><strong>s sufrimiento que la propia enfermedad<\/strong><strong>\u201d.<\/strong> En definitiva, se\u00f1al\u00f3 el Dr. B\u00e1tiz, <strong>\u201cla eutanasia no es un acto m\u00e9dico, porque nos hemos formado para dar vida, para conservar la salud de las personas y, si no es posible, ayudar a morir en paz\u201d.&nbsp;<\/strong><\/p>\n","protected":false},"excerpt":{"rendered":"<p>El director del Instituto para Cuidar Mejor del Hospital San Juan de Dios de Santurce (Vizcaya) imparti\u00f3 ayer una conferencia online en el Foro de Deontolog\u00eda del Colegio de M\u00e9dicos de Zaragoza. En su charla abord\u00f3 la diferencia entre cuidados paliativos y eutanasia e indic\u00f3 que los m\u00e9dicos deben estar preparados para escuchar algo m\u00e1s&#8230;<\/p>\n","protected":false},"author":1,"featured_media":804,"comment_status":"closed","ping_status":"open","sticky":false,"template":"","format":"standard","meta":{"_kadence_starter_templates_imported_post":false,"_kad_post_transparent":"","_kad_post_title":"","_kad_post_layout":"","_kad_post_sidebar_id":"","_kad_post_content_style":"","_kad_post_vertical_padding":"","_kad_post_feature":"","_kad_post_feature_position":"","_kad_post_header":false,"_kad_post_footer":false,"_kad_post_classname":"","_jetpack_newsletter_access":"","_jetpack_dont_email_post_to_subs":false,"_jetpack_newsletter_tier_id":0,"_jetpack_memberships_contains_paywalled_content":false,"_jetpack_memberships_contains_paid_content":false,"footnotes":""},"categories":[4,11,5],"tags":[20,19],"class_list":["post-803","post","type-post","status-publish","format-standard","has-post-thumbnail","hentry","category-cuidados-paliativos","category-deontologia","category-eutanasia","tag-cuidados-paliativos","tag-eutanasia"],"jetpack_sharing_enabled":true,"jetpack_featured_media_url":"https:\/\/expertosenetica.com\/wp-content\/uploads\/2020\/11\/CMedicos.png","post_mailing_queue_ids":[],"_links":{"self":[{"href":"https:\/\/expertosenetica.com\/index.php\/wp-json\/wp\/v2\/posts\/803","targetHints":{"allow":["GET"]}}],"collection":[{"href":"https:\/\/expertosenetica.com\/index.php\/wp-json\/wp\/v2\/posts"}],"about":[{"href":"https:\/\/expertosenetica.com\/index.php\/wp-json\/wp\/v2\/types\/post"}],"author":[{"embeddable":true,"href":"https:\/\/expertosenetica.com\/index.php\/wp-json\/wp\/v2\/users\/1"}],"replies":[{"embeddable":true,"href":"https:\/\/expertosenetica.com\/index.php\/wp-json\/wp\/v2\/comments?post=803"}],"version-history":[{"count":0,"href":"https:\/\/expertosenetica.com\/index.php\/wp-json\/wp\/v2\/posts\/803\/revisions"}],"wp:featuredmedia":[{"embeddable":true,"href":"https:\/\/expertosenetica.com\/index.php\/wp-json\/wp\/v2\/media\/804"}],"wp:attachment":[{"href":"https:\/\/expertosenetica.com\/index.php\/wp-json\/wp\/v2\/media?parent=803"}],"wp:term":[{"taxonomy":"category","embeddable":true,"href":"https:\/\/expertosenetica.com\/index.php\/wp-json\/wp\/v2\/categories?post=803"},{"taxonomy":"post_tag","embeddable":true,"href":"https:\/\/expertosenetica.com\/index.php\/wp-json\/wp\/v2\/tags?post=803"}],"curies":[{"name":"wp","href":"https:\/\/api.w.org\/{rel}","templated":true}]}}