{"id":820,"date":"2020-12-29T10:21:00","date_gmt":"2020-12-29T09:21:00","guid":{"rendered":"https:\/\/expertosenetica.com\/?p=820"},"modified":"2020-12-29T10:21:00","modified_gmt":"2020-12-29T09:21:00","slug":"la-ley-de-eutanasia-es-indecente-un-medico-nunca-va-a-matar-a-nadie","status":"publish","type":"post","link":"https:\/\/expertosenetica.com\/index.php\/2020\/12\/29\/la-ley-de-eutanasia-es-indecente-un-medico-nunca-va-a-matar-a-nadie\/","title":{"rendered":"\u00abLa ley de eutanasia es indecente; un m\u00e9dico nunca va a matar a nadie\u00bb"},"content":{"rendered":"\n<p class=\"wp-block-paragraph\">(Ref sur.es)<\/p>\n\n\n\n<p class=\"wp-block-paragraph\">Es una de las voces m\u00e1s formadas y combativas contra la ley de eutanasia aprobada la se\u00admana pasada en el Congreso. An\u00adtes de comenzar la entrevista, Joaqu\u00edn Fern\u00e1ndez-Crehuet advier\u00adte de que responder\u00e1 a algunas preguntas \u00aba nivel personal\u00bb y a otras como presidente de la Co\u00admisi\u00f3n Deontol\u00f3gica del Colegio de M\u00e9dicos de M\u00e1laga y catedr\u00e1\u00adtico em\u00e9rito de Medicina Preven\u00adtiva y Salud P\u00fablica de la Univer\u00adsidad de M\u00e1laga: \u00abQuiero ser pru\u00addente en mis consideraciones\u00bb.<\/p>\n\n\n\n<p class=\"wp-block-paragraph\"><strong>-\u00bfQu\u00e9 le parece la ley que acaba de aprobarse en el Congreso?<\/strong><\/p>\n\n\n\n<p class=\"wp-block-paragraph\">-Me parece indecente e inopor\u00adtuna. En el contexto de una pan\u00addemia, que se ocupen de aprobar esta ley demuestra una escas\u00edsi\u00adma sensibilidad pol\u00edtica hacia el dolor de miles de familias.<\/p>\n\n\n\n<p class=\"wp-block-paragraph\"><strong>-Pero la ley comenz\u00f3 a trami\u00adtarse antes de la pandemia<\/strong><\/p>\n\n\n\n<p class=\"wp-block-paragraph\">-Si, bueno, pero creo que se deberla haber parado para buscar otro momento. Ser\u00eda m\u00e1s oportuno discutir con m\u00e1s \u00e9nfasis en qu\u00e9 estamos fallando.<\/p>\n\n\n\n<p class=\"wp-block-paragraph\">\u00ad<strong>-Y, m\u00e1s all\u00e1 del momento en que se apruebe, \u00bfqu\u00e9 le parece el fondo de la ley?<\/strong><\/p>\n\n\n\n<p class=\"wp-block-paragraph\">-Es una ley innecesaria. Andaluc\u00eda y otras comunidades ya tienen una ley de derechos y garant\u00edas de la dignidad de la persona en el proceso de la muerte. Fue una Iey aceptada por pr\u00e1cticamente todos los profesionales porque fue elaborada y discutida con representantes de la profesi\u00f3n. Es una ley contraria a la eutanasia y promociona los cuidados paliativos como alternativa humana y cient\u00edfica, adem\u00e1s de clarificar la limitaci\u00f3n de los esfuerzos terap\u00e9uticos. Hay gente que confunde esta limitaci\u00f3n con la eutanasia. Cuando una persona tiene una enfermedad irreversible, el m\u00e9dico tiene la obligaci\u00f3n, no ya el derecho, de eliminar tratamientos que no sirven para que la muerte llegue de forma natural. Y hay que aceptar que un paciente rechace tratamientos, siempre que demuestre una voluntad informada.<\/p>\n\n\n\n<p class=\"wp-block-paragraph\"><strong>-\u00bfPor qu\u00e9 se opone entonces a la ley de eutanasia?<\/strong><\/p>\n\n\n\n<p class=\"wp-block-paragraph\">Es una ley con un marcado inter\u00e9s ideol\u00f3gico y crea un derecho de nueva generaci\u00f3n: la posibilidad de que se pueda solicitar la muerte. Y al colectivo m\u00e9dico puede molestarle que este derecho sea incluido como una prestaci\u00f3n en la cartera de servicios. Porque todo derecho lleva aparejado un deber: el deber que en este caso recae sobre el m\u00e9dico, que aparece como un cooperador necesario. Si yo viera a alguien que quiere saltar desde una terraza, la reacci\u00f3n natural ser\u00eda intentar disuadirle o llamar a los bomberos. Pero no ir\u00edamos a aplaudirle.<\/p>\n\n\n\n<p class=\"wp-block-paragraph\"><strong>-Pero los m\u00e9dicos son cooperadores necesarios, como usted dice, siempre que lo deseen. Les asiste el derecho a la objeci\u00f3n.<\/strong><\/p>\n\n\n\n<p class=\"wp-block-paragraph\">-Por supuesto, s\u00f3lo faltar\u00eda. Yo no lo har\u00e9, pero lo convierten en un acto m\u00e9dico. Y el acto m\u00e9dico, seg\u00fan el c\u00f3digo deontol\u00f3gico, va orientado a la curaci\u00f3n de una enfermedad, el alivio de un padecimiento o la promoci\u00f3n de la salud. Todo va en positivo. La eutanasia es un acto fuera de la medicina, un acto finalista. Y desde el viejo Hip\u00f3crates, la medicina tiene como principio b\u00e1sico no hacer el mal. La eutanasia supone una indignidad en la tradici\u00f3n m\u00e9dica, una indecencia.<\/p>\n\n\n\n<p class=\"wp-block-paragraph\"><strong>-Pero los colegios m\u00e9dicos donde se han hecho encuestas, colegios tan importantes como el de Madrid, revelan un apoyo mayoritario de los profesionales.<\/strong><\/p>\n\n\n\n<p class=\"wp-block-paragraph\">-No es verdad. Hay un posicionamiento del Colegio de Madrid, que ya ha cambiado de presidente&#8230;<\/p>\n\n\n\n<p class=\"wp-block-paragraph\"><strong>-No hablo del posicionamiento de los presidentes, sino de las encuestas que algunos colegios han hecho entre sus profesionales. No s\u00f3lo en Madrid, sino tambi\u00e9n en Vizcaya, Tarragona o Las Palmas. En concreto, las encuestas en Madrid revelaba que el 69% de los colegiados estaba a favor de legalizar la eutanasia con toda seguridad y otro 16% cre\u00eda que s\u00ed pero sin estar seguros del todo. \u00bfNo cree que hay falta de sinton\u00eda entre la opini\u00f3n de los profesionales y sus representantes?<\/strong><\/p>\n\n\n\n<p class=\"wp-block-paragraph\">No, mire, yo he estado en todos los congresos de la Organizaci\u00f3n M\u00e9dica Colegial. Es verdad que hay algunos colegios que han hecho encuestas entre sus colegiados. Yo no voy a dudar de que fueran bien planteadas, pero la mayor\u00eda de los colegios presentes en estos congresos estaban en contra de la eutanasia. Hay que aceptar que haya m\u00e9dicos a favor, pero hablo por ejemplo del Consejo Andaluz de Colegios M\u00e9dicos&#8230;<\/p>\n\n\n\n<p class=\"wp-block-paragraph\"><strong>-\u00bfHan hecho alguna encuesta entre sus colegiados?<\/strong><\/p>\n\n\n\n<p class=\"wp-block-paragraph\">Claro. En estos congresos de los que hablo siempre ha salido una opini\u00f3n mayoritaria en favor de los cuidados paliativos y en contra de la eutanasia. Luego ha habido encuestas de otros colegios que acepto, pero insisto: el hecho de que algunos m\u00e9dicos est\u00e9n a favor de la eutanasia no obliga al colectivo a cambiar el c\u00f3digo deontol\u00f3gico y los deberes \u00e9ticos.<\/p>\n\n\n\n<p class=\"wp-block-paragraph\"><strong>-En ese contexto, \u00bfno resulta parad\u00f3jico que a un paciente se le permita rechazar un tratamiento que podr\u00eda salvarle la vida?<\/strong><\/p>\n\n\n\n<p class=\"wp-block-paragraph\">-Porque respetamos la dignidad de la persona y su autonom\u00eda, siempre que tengan el consentimiento informado.<\/p>\n\n\n\n<p class=\"wp-block-paragraph\"><strong>-Pero rechazan, ante enfermedades irreversibles, que son las que contempla la ley, que esa misma persona solicite la eutanasia.<\/strong><\/p>\n\n\n\n<p class=\"wp-block-paragraph\">-Cada d\u00eda, en Espa\u00f1a, se suicidan diez personas. El rechazo al tratamiento no obliga al m\u00e9dico a nada. La eutanasia s\u00ed. Si ma\u00f1ana quieres morirte, te bebes un vaso de lej\u00eda en casa y al rato est\u00e1s muerto. Pero convertir eso en un acto m\u00e9dico&#8230; Esa es la diferencia.<\/p>\n\n\n\n<p class=\"wp-block-paragraph\"><strong>-Ante una tetraplej\u00eda que deja a alguien en una situaci\u00f3n de dependencia absoluta, como ocurri\u00f3 con Ram\u00f3n Sampedro, que abri\u00f3 el debate de la eutanasia hace casi tres d\u00e9cadas, \u00bfc\u00f3mo justifican el rechazo a la decisi\u00f3n del paciente de acabar con su vida?<\/strong><\/p>\n\n\n\n<p class=\"wp-block-paragraph\">El caso de Ram\u00f3n Sampedro ha sido magnificado. Siempre salen con casos extremos, pero una ley no se hace para casos singulares. Yo tengo amistad con el doctor G\u00f3mez Sancho, un experto en cuidados paliativos que me contaba hace poco que, entre los 25.000 pacientes con incapacidades que han llegado a su hospital, s\u00f3lo tres o cuatro han pedido la eutanasia. Este tema hay que verlo de manera global. Todas las personas que piden la eutanasia, \u00bfhan estado atendidas correctamente en la unidad de cuidados paliativos? Esa es la verdadera asignatura pendiente en la que trabajar. Cuando les quitas el dolor y el sufrimiento, cuando son ayudadas, esas personas que, llegado el momento, recibir\u00e1n una sedaci\u00f3n paliativa que no va a matarlos sino que bajar\u00e1 su nivel de conciencia para que no sufran&#8230;<\/p>\n\n\n\n<p class=\"wp-block-paragraph\"><strong>-\u00bfY qu\u00e9 proponen para esas tres o cuatro personas de cada 25.000?, \u00bfcondenarlas a una eutanasia clandestina?<\/strong><\/p>\n\n\n\n<p class=\"wp-block-paragraph\">-Pueden estar sedadas, quitando ansiedad o ese deseo. Ram\u00f3n Sampedro no me parece un ejemplo de nada porque rechaz\u00f3 cuidados paliativos. Hay gente que muere esperando atenci\u00f3n sanitaria. Esa es la indecencia: que tengan que recurrir a la eutanasia como \u00fanica alternativa. Me parece un disparate.<\/p>\n\n\n\n<p class=\"wp-block-paragraph\"><strong>-Plantea la eutanasia y los cuidados paliativos como si fueran incompatibles. \u00bfNo pueden ser complementarios? \u00bfQu\u00e9 hacemos con las personas que han recibido un tratamiento correcto y aun as\u00ed deciden morir?<\/strong><\/p>\n\n\n\n<p class=\"wp-block-paragraph\">-Que se vayan de alta voluntaria. Un m\u00e9dico nunca va a matar a nadie. Bueno, ahora con la ley, claro que habr\u00e1 m\u00e9dicos que las maten&#8230; Y estar\u00e1n en su derecho, y seguro que surge un negocio paralelo como ha pasado con el aborto. Es que tira para atr\u00e1s.<\/p>\n","protected":false},"excerpt":{"rendered":"<p>(Ref sur.es) Es una de las voces m\u00e1s formadas y combativas contra la ley de eutanasia aprobada la se\u00admana pasada en el Congreso. An\u00adtes de comenzar la entrevista, Joaqu\u00edn Fern\u00e1ndez-Crehuet advier\u00adte de que responder\u00e1 a algunas preguntas \u00aba nivel personal\u00bb y a otras como presidente de la Co\u00admisi\u00f3n Deontol\u00f3gica del Colegio de M\u00e9dicos de M\u00e1laga&#8230;<\/p>\n","protected":false},"author":1,"featured_media":821,"comment_status":"closed","ping_status":"open","sticky":false,"template":"","format":"standard","meta":{"_kadence_starter_templates_imported_post":false,"_kad_post_transparent":"","_kad_post_title":"","_kad_post_layout":"","_kad_post_sidebar_id":"","_kad_post_content_style":"","_kad_post_vertical_padding":"","_kad_post_feature":"","_kad_post_feature_position":"","_kad_post_header":false,"_kad_post_footer":false,"_kad_post_classname":"","_jetpack_newsletter_access":"","_jetpack_dont_email_post_to_subs":false,"_jetpack_newsletter_tier_id":0,"_jetpack_memberships_contains_paywalled_content":false,"_jetpack_memberships_contains_paid_content":false,"footnotes":""},"categories":[4,12,9,5],"tags":[],"class_list":["post-820","post","type-post","status-publish","format-standard","has-post-thumbnail","hentry","category-cuidados-paliativos","category-etica-general","category-etica-medica","category-eutanasia"],"jetpack_sharing_enabled":true,"jetpack_featured_media_url":"https:\/\/expertosenetica.com\/wp-content\/uploads\/2020\/12\/Crehuet.jpg","post_mailing_queue_ids":[],"_links":{"self":[{"href":"https:\/\/expertosenetica.com\/index.php\/wp-json\/wp\/v2\/posts\/820","targetHints":{"allow":["GET"]}}],"collection":[{"href":"https:\/\/expertosenetica.com\/index.php\/wp-json\/wp\/v2\/posts"}],"about":[{"href":"https:\/\/expertosenetica.com\/index.php\/wp-json\/wp\/v2\/types\/post"}],"author":[{"embeddable":true,"href":"https:\/\/expertosenetica.com\/index.php\/wp-json\/wp\/v2\/users\/1"}],"replies":[{"embeddable":true,"href":"https:\/\/expertosenetica.com\/index.php\/wp-json\/wp\/v2\/comments?post=820"}],"version-history":[{"count":0,"href":"https:\/\/expertosenetica.com\/index.php\/wp-json\/wp\/v2\/posts\/820\/revisions"}],"wp:featuredmedia":[{"embeddable":true,"href":"https:\/\/expertosenetica.com\/index.php\/wp-json\/wp\/v2\/media\/821"}],"wp:attachment":[{"href":"https:\/\/expertosenetica.com\/index.php\/wp-json\/wp\/v2\/media?parent=820"}],"wp:term":[{"taxonomy":"category","embeddable":true,"href":"https:\/\/expertosenetica.com\/index.php\/wp-json\/wp\/v2\/categories?post=820"},{"taxonomy":"post_tag","embeddable":true,"href":"https:\/\/expertosenetica.com\/index.php\/wp-json\/wp\/v2\/tags?post=820"}],"curies":[{"name":"wp","href":"https:\/\/api.w.org\/{rel}","templated":true}]}}