{"id":832,"date":"2021-03-01T20:44:46","date_gmt":"2021-03-01T19:44:46","guid":{"rendered":"https:\/\/expertosenetica.com\/?p=832"},"modified":"2021-03-01T20:44:46","modified_gmt":"2021-03-01T19:44:46","slug":"el-dr-joaquin-fernandez-crehuet-analiza-las-luces-y-las-sombras-sobre-la-gestion-de-la-covid-19","status":"publish","type":"post","link":"https:\/\/expertosenetica.com\/index.php\/2021\/03\/01\/el-dr-joaquin-fernandez-crehuet-analiza-las-luces-y-las-sombras-sobre-la-gestion-de-la-covid-19\/","title":{"rendered":"El Dr. Joaqu\u00edn Fern\u00e1ndez-Crehuet analiza las luces y las sombras sobre la gesti\u00f3n de la Covid-19"},"content":{"rendered":"\n<p class=\"wp-block-paragraph\">(Ref medicosypacientes.com)<\/p>\n\n\n\n<p class=\"wp-block-paragraph\">El Dr. Joaqu\u00edn Fern\u00e1ndez-Crehuet examina cu\u00e1les han sido los aciertos y los errores cometidos durante la emergencia sanitaria originada por la pandemia de la Covid-19 en esta nueva sesi\u00f3n de \u2018<a href=\"https:\/\/www.youtube.com\/watch?v=cI-iyYDRlik\" target=\"_blank\" rel=\"noreferrer noopener\">Di\u00e1logos Covid<\/a>\u2019, un proyecto del\u00a0<a href=\"https:\/\/commalaga.com\/\" target=\"_blank\" rel=\"noreferrer noopener\">Colegio de M\u00e9dicos de M\u00e1laga<\/a>\u00a0coordinado por el Dr. Jos\u00e9 Antonio Trujillo y patrocinado por\u00a0<a href=\"https:\/\/www.fundacionunicaja.com\/\" target=\"_blank\" rel=\"noreferrer noopener\">Fundaci\u00f3n Unicaja<\/a>. El Dr. Joaqu\u00edn Fern\u00e1ndez-Crehuet es catedr\u00e1tico de Medicina Preventiva y Salud P\u00fablica de la Universidad de M\u00e1laga, jefe de Servicio de Medicina Preventiva del Hospital Universitario Virgen de la Victoria de M\u00e1laga y presidente de la Comisi\u00f3n Deontol\u00f3gica del Colegio de M\u00e9dicos de M\u00e1laga.\u00a0<\/p>\n\n\n\n<p class=\"wp-block-paragraph\">Desde el punto de vista de la Medicina preventiva, el Dr. Crehuet analiza cada etapa de la epidemia, desde su decreto el 11 de marzo hasta la actual situaci\u00f3n epidemiol\u00f3gica, en una entrevista conducida por el Dr. Trujillo con base cient\u00edfica pero comprensible para la audiencia.\u00a0<\/p>\n\n\n\n<p class=\"wp-block-paragraph\">\u201cVamos a aprender lo que hemos hecho mal para que no se repita\u201d, es la premisa de la que parte Fern\u00e1ndez-Crehuet, en este nuevo cap\u00edtulo de \u2018Di\u00e1logos Covid\u2019. El experto ha analizado cada etapa de la epidemia, la toma de decisiones y las consecuentes estrategias para abordar el conflicto. Desde un punto de vista cr\u00edtico y reflexivo, el jefe de Medicina Preventiva establece que se tomaron una serie de pautas demasiado \u201ctibias\u201d para el peso de la emergencia sanitaria. \u201cEl informe de la\u00a0<a href=\"https:\/\/s3.amazonaws.com\/sustainabledevelopment.report\/2020\/2020_sustainable_development_report.pdf\" target=\"_blank\" rel=\"noreferrer noopener\">Universidad de Cambridge<\/a>, uno de los informes m\u00e1s rigurosos de Europa, realiz\u00f3 un an\u00e1lisis cr\u00edtico\u00a0 de la gesti\u00f3n de los distintos pa\u00edses desde marzo al mes de mayo. Espa\u00f1a\u00a0 ocup\u00f3 uno de los peores puestos, si no el peor, en cuanto a la gesti\u00f3n que se hizo\u201d, se\u00f1ala Fern\u00e1ndez-Crehuet. El informe y el catedr\u00e1tico coinciden en las sombras de la gesti\u00f3n: el exceso de confianza y la escasez de recursos preventivos y tecnol\u00f3gicos.\u00a0<\/p>\n\n\n\n<p class=\"wp-block-paragraph\">La conversaci\u00f3n concluye arrojando luz sobre la evoluci\u00f3n de la direcci\u00f3n sanitaria y destaca la uni\u00f3n entre diferentes especialidades, sociedades cient\u00edficas y las tres academias de Medicina de Andaluc\u00eda bajo la ausencia de matices pol\u00edticos y econ\u00f3micos, seg\u00fan el catedr\u00e1tico, para poder combatir el virus. \u201cEsta pandemia tiene un componente \u00e9tico-personal [\u2026], la responsabilidad social sigue siendo uno de los eslabones m\u00e1s importantes para poder frenar la cadena\u201d, destaca el Dr. Fern\u00e1ndez-Crehuet.\u00a0<\/p>\n\n\n\n<p class=\"wp-block-paragraph\"><strong>Di\u00e1logos Covid<\/strong>: se puede ver en el\u00a0<a href=\"http:\/\/%20https\/\/www.youtube.com\/watch?v=cI-iyYDRlik\" target=\"_blank\" rel=\"noreferrer noopener\">canal de Youtube<\/a>\u00a0del Colegio de M\u00e9dicos de M\u00e1laga.\u00a0<\/p>\n","protected":false},"excerpt":{"rendered":"<p>(Ref medicosypacientes.com) El Dr. Joaqu\u00edn Fern\u00e1ndez-Crehuet examina cu\u00e1les han sido los aciertos y los errores cometidos durante la emergencia sanitaria originada por la pandemia de la Covid-19 en esta nueva sesi\u00f3n de \u2018Di\u00e1logos Covid\u2019, un proyecto del\u00a0Colegio de M\u00e9dicos de M\u00e1laga\u00a0coordinado por el Dr. Jos\u00e9 Antonio Trujillo y patrocinado por\u00a0Fundaci\u00f3n Unicaja. El Dr. Joaqu\u00edn Fern\u00e1ndez-Crehuet&#8230;<\/p>\n","protected":false},"author":1,"featured_media":833,"comment_status":"closed","ping_status":"open","sticky":false,"template":"","format":"standard","meta":{"_kadence_starter_templates_imported_post":false,"_kad_post_transparent":"","_kad_post_title":"","_kad_post_layout":"","_kad_post_sidebar_id":"","_kad_post_content_style":"","_kad_post_vertical_padding":"","_kad_post_feature":"","_kad_post_feature_position":"","_kad_post_header":false,"_kad_post_footer":false,"_kad_post_classname":"","_jetpack_newsletter_access":"","_jetpack_dont_email_post_to_subs":false,"_jetpack_newsletter_tier_id":0,"_jetpack_memberships_contains_paywalled_content":false,"_jetpack_memberships_contains_paid_content":false,"footnotes":""},"categories":[3],"tags":[37],"class_list":["post-832","post","type-post","status-publish","format-standard","has-post-thumbnail","hentry","category-sin-categoria","tag-covid"],"jetpack_sharing_enabled":true,"jetpack_featured_media_url":"https:\/\/expertosenetica.com\/wp-content\/uploads\/2021\/03\/CARATULA-CREHUET.jpg","post_mailing_queue_ids":[],"_links":{"self":[{"href":"https:\/\/expertosenetica.com\/index.php\/wp-json\/wp\/v2\/posts\/832","targetHints":{"allow":["GET"]}}],"collection":[{"href":"https:\/\/expertosenetica.com\/index.php\/wp-json\/wp\/v2\/posts"}],"about":[{"href":"https:\/\/expertosenetica.com\/index.php\/wp-json\/wp\/v2\/types\/post"}],"author":[{"embeddable":true,"href":"https:\/\/expertosenetica.com\/index.php\/wp-json\/wp\/v2\/users\/1"}],"replies":[{"embeddable":true,"href":"https:\/\/expertosenetica.com\/index.php\/wp-json\/wp\/v2\/comments?post=832"}],"version-history":[{"count":0,"href":"https:\/\/expertosenetica.com\/index.php\/wp-json\/wp\/v2\/posts\/832\/revisions"}],"wp:featuredmedia":[{"embeddable":true,"href":"https:\/\/expertosenetica.com\/index.php\/wp-json\/wp\/v2\/media\/833"}],"wp:attachment":[{"href":"https:\/\/expertosenetica.com\/index.php\/wp-json\/wp\/v2\/media?parent=832"}],"wp:term":[{"taxonomy":"category","embeddable":true,"href":"https:\/\/expertosenetica.com\/index.php\/wp-json\/wp\/v2\/categories?post=832"},{"taxonomy":"post_tag","embeddable":true,"href":"https:\/\/expertosenetica.com\/index.php\/wp-json\/wp\/v2\/tags?post=832"}],"curies":[{"name":"wp","href":"https:\/\/api.w.org\/{rel}","templated":true}]}}