{"id":835,"date":"2021-03-05T21:20:26","date_gmt":"2021-03-05T20:20:26","guid":{"rendered":"https:\/\/expertosenetica.com\/?p=835"},"modified":"2021-03-05T21:20:26","modified_gmt":"2021-03-05T20:20:26","slug":"el-consejo-general-de-colegios-de-medicos-defiende-la-objecion-de-conciencia-ante-la-eutanasia-y-se-opone-al-registro-de-objetores","status":"publish","type":"post","link":"https:\/\/expertosenetica.com\/index.php\/2021\/03\/05\/el-consejo-general-de-colegios-de-medicos-defiende-la-objecion-de-conciencia-ante-la-eutanasia-y-se-opone-al-registro-de-objetores\/","title":{"rendered":"El Consejo General de Colegios de M\u00e9dicos defiende la objeci\u00f3n de conciencia ante la eutanasia y se opone al registro de objetores"},"content":{"rendered":"\n<p class=\"wp-block-paragraph\">(Ref andoc.es)<\/p>\n\n\n\n<p class=\"wp-block-paragraph\">El&nbsp;<strong>Consejo General de Colegios de M\u00e9dicos (CGCOM)<\/strong>, en un comunicado, se ha opuesto a la creaci\u00f3n de un registro de objetores ante la proposici\u00f3n de&nbsp;<strong>\u2018Ley de regulaci\u00f3n de la eutanasia y el suicidio asistido\u2019<\/strong>&nbsp;en Espa\u00f1a.<\/p>\n\n\n\n<p class=\"wp-block-paragraph\">A su juicio, este registro puede contravenir el derecho de no tener obligaci\u00f3n de declarar sobre ideolog\u00eda, religi\u00f3n o creencias (preservado en el art\u00edculo 16.2 de la Constituci\u00f3n Espa\u00f1ola), por lo que la creaci\u00f3n de dicho registro podr\u00eda ir en contra del derecho a la confidencialidad y a la no discriminaci\u00f3n, recoge&nbsp;<em><a href=\"https:\/\/www.infosalus.com\/actualidad\/noticia-cgcom-no-ve-necesario-crear-registro-objetores-conciencia-regulacion-eutanasia-20210303143045.html\" target=\"_blank\" rel=\"noreferrer noopener\">Europa Press<\/a>.<\/em><\/p>\n\n\n\n<p class=\"wp-block-paragraph\">Asimismo, el CGCOM<strong>&nbsp;ha defendido la objeci\u00f3n de conciencia porque supone el ejercicio de un derecho individual de la persona de ejercer con libertad su pensamiento y su vida en valores<\/strong>. \u00abLa objeci\u00f3n es un acto personal, no cabr\u00edan expresiones de grupo o colegiadas, por tanto, la objeci\u00f3n de conciencia ha sido reconocida por numerosas asociaciones m\u00e9dicas e incluida en m\u00faltiples c\u00f3digos de deontolog\u00eda m\u00e9dica, como el de la Organizaci\u00f3n M\u00e9dica Colegial de Espa\u00f1a en 2011\u00bb, ha detallado la organizaci\u00f3n.<\/p>\n\n\n\n<p class=\"wp-block-paragraph\">Por ello, ha subrayado la importancia de que, una vez desarrollada una ley en la que se incluyan a los m\u00e9dicos como participantes en la pr\u00e1ctica de la eutanasia o el suicidio asistido, debe estar \u00abclara\u00bb la posibilidad del desarrollo de una cl\u00e1usula de objeci\u00f3n de conciencia que permita al profesional su rechazo a participar en un proceso si lo considera contrario a sus convicciones \u00e9ticas, morales, o religiosas.<\/p>\n\n\n\n<p class=\"wp-block-paragraph\">\u00abLa eutanasia o el suicidio asistido no son el modo habitual de proceder en la pr\u00e1ctica cl\u00ednica ante las enfermedades graves terminales o incapacitantes. En todos los pacientes, tambi\u00e9n aquellos que padecen una enfermedad grave e incurable con pron\u00f3stico de vida limitado o enfermedad grave, cr\u00f3nica e invalidante que conlleva sufrimiento, e<strong>l m\u00e9dico ha de descubrir la dignidad propia de la persona: todos son acreedores de respeto, atenci\u00f3n, cuidado y protecci\u00f3n<\/strong>&nbsp;(Art\u00edculo 5.1 CD 2011), por lo que hasta el final permanece la obligaci\u00f3n de aplicar las medidas adecuadas para conseguir su bienestar y cuidado (Art\u00edculo 36.1 CD 2011)\u00bb, ha zanjado el CGCOM.<\/p>\n\n\n\n<p class=\"wp-block-paragraph\">El nuevo comunicado del CGCOM va en la l\u00ednea del que&nbsp;<a href=\"https:\/\/www.cgcom.es\/sites\/default\/files\/\/u183\/np_ley_eutanasia_cgcom_18_12_2020.pdf\" target=\"_blank\" rel=\"noreferrer noopener\">public\u00f3 el 18 de diciembre de 2020<\/a>, en el que se opon\u00eda a la eutanasia y apostaba por&nbsp;<strong>potenciar los cuidados paliativos<\/strong>&nbsp;mediante una \u00abLey General de Cuidados que garantice de forma integral, no solo los cuidados paliativos y la atenci\u00f3n al final de la vida, sino que contemplen tambi\u00e9n todos aquellos condicionantes sociales necesarios para proporcionar la mejor asistencia a aquellas personas que padecen una grave enfermedad org\u00e1nica o ps\u00edquica que les genera gran incapacidad y un sufrimiento insoportable\u00bb.<\/p>\n\n\n\n<p class=\"wp-block-paragraph\">En esa misma nota de diciembre, la CGCOM mostraba su \u00abhonda preocupaci\u00f3n\u00bb ante \u00abla redacci\u00f3n del texto de la Ley en lo que afecta a la objeci\u00f3n de conciencia, asunto clave que puede convertirse en un factor determinante para el ejercicio profesional\u00bb. Es decir, que se declaraba favorable a la objeci\u00f3n de conciencia.<\/p>\n\n\n\n<p class=\"wp-block-paragraph\">Asimismo, el CGCOM denunciaba en diciembre que \u00abel Dictamen de la Comisi\u00f3n de Justicia sobre la Proposici\u00f3n de Ley Org\u00e1nica para la regulaci\u00f3n de la eutanasia en Espa\u00f1a supone avalar por Ley que la eutanasia es un \u2018acto m\u00e9dico\u2019. Esto es contrario a nuestro C\u00f3digo de Deontolog\u00eda M\u00e9dica y contradice los posicionamientos de la Asociaci\u00f3n M\u00e9dica Mundial (AMM)\u00bb.<\/p>\n","protected":false},"excerpt":{"rendered":"<p>(Ref andoc.es) El&nbsp;Consejo General de Colegios de M\u00e9dicos (CGCOM), en un comunicado, se ha opuesto a la creaci\u00f3n de un registro de objetores ante la proposici\u00f3n de&nbsp;\u2018Ley de regulaci\u00f3n de la eutanasia y el suicidio asistido\u2019&nbsp;en Espa\u00f1a. A su juicio, este registro puede contravenir el derecho de no tener obligaci\u00f3n de declarar sobre ideolog\u00eda, religi\u00f3n&#8230;<\/p>\n","protected":false},"author":1,"featured_media":836,"comment_status":"closed","ping_status":"open","sticky":false,"template":"","format":"standard","meta":{"_kadence_starter_templates_imported_post":false,"_kad_post_transparent":"","_kad_post_title":"","_kad_post_layout":"","_kad_post_sidebar_id":"","_kad_post_content_style":"","_kad_post_vertical_padding":"","_kad_post_feature":"","_kad_post_feature_position":"","_kad_post_header":false,"_kad_post_footer":false,"_kad_post_classname":"","_jetpack_newsletter_access":"","_jetpack_dont_email_post_to_subs":false,"_jetpack_newsletter_tier_id":0,"_jetpack_memberships_contains_paywalled_content":false,"_jetpack_memberships_contains_paid_content":false,"footnotes":""},"categories":[3],"tags":[19,38],"class_list":["post-835","post","type-post","status-publish","format-standard","has-post-thumbnail","hentry","category-sin-categoria","tag-eutanasia","tag-objecion-de-conciencia"],"jetpack_sharing_enabled":true,"jetpack_featured_media_url":"https:\/\/expertosenetica.com\/wp-content\/uploads\/2021\/03\/eutanasia-colegio.jpg","post_mailing_queue_ids":[],"_links":{"self":[{"href":"https:\/\/expertosenetica.com\/index.php\/wp-json\/wp\/v2\/posts\/835","targetHints":{"allow":["GET"]}}],"collection":[{"href":"https:\/\/expertosenetica.com\/index.php\/wp-json\/wp\/v2\/posts"}],"about":[{"href":"https:\/\/expertosenetica.com\/index.php\/wp-json\/wp\/v2\/types\/post"}],"author":[{"embeddable":true,"href":"https:\/\/expertosenetica.com\/index.php\/wp-json\/wp\/v2\/users\/1"}],"replies":[{"embeddable":true,"href":"https:\/\/expertosenetica.com\/index.php\/wp-json\/wp\/v2\/comments?post=835"}],"version-history":[{"count":0,"href":"https:\/\/expertosenetica.com\/index.php\/wp-json\/wp\/v2\/posts\/835\/revisions"}],"wp:featuredmedia":[{"embeddable":true,"href":"https:\/\/expertosenetica.com\/index.php\/wp-json\/wp\/v2\/media\/836"}],"wp:attachment":[{"href":"https:\/\/expertosenetica.com\/index.php\/wp-json\/wp\/v2\/media?parent=835"}],"wp:term":[{"taxonomy":"category","embeddable":true,"href":"https:\/\/expertosenetica.com\/index.php\/wp-json\/wp\/v2\/categories?post=835"},{"taxonomy":"post_tag","embeddable":true,"href":"https:\/\/expertosenetica.com\/index.php\/wp-json\/wp\/v2\/tags?post=835"}],"curies":[{"name":"wp","href":"https:\/\/api.w.org\/{rel}","templated":true}]}}