{"id":841,"date":"2021-05-01T15:47:58","date_gmt":"2021-05-01T13:47:58","guid":{"rendered":"https:\/\/expertosenetica.com\/?p=841"},"modified":"2021-05-01T15:47:58","modified_gmt":"2021-05-01T13:47:58","slug":"la-eutanasia-desde-la-deontologia-medica","status":"publish","type":"post","link":"https:\/\/expertosenetica.com\/index.php\/2021\/05\/01\/la-eutanasia-desde-la-deontologia-medica\/","title":{"rendered":"La eutanasia desde la Deontolog\u00eda M\u00e9dica"},"content":{"rendered":"\n<p class=\"wp-block-paragraph\"><em>El actual C\u00f3digo de Deontolog\u00eda M\u00e9dica afirma en su art\u00edculo 36.3: \u201cEl m\u00e9dico nunca provocar\u00e1 intencionadamente la muerte de ning\u00fan paciente, ni siquiera en caso de petici\u00f3n expresa por parte de \u00e9ste\u201d<\/em><\/p>\n\n\n\n<p class=\"wp-block-paragraph\">La Ley Org\u00e1nica 3\/2021 de regulaci\u00f3n de la Eutanasia ha tra\u00eddo al seno de la Medicina, como sucedi\u00f3 hace m\u00e1s de 30 a\u00f1os con el aborto, el debate entre el principio hipocr\u00e1tico de respeto a la vida humana y la acci\u00f3n directa y necesaria dirigida a poner fin a la vida (eutanasia).<\/p>\n\n\n\n<p class=\"wp-block-paragraph\">En esta Ley la eutanasia aparece como una acci\u00f3n compasiva y solidaria porque la intenci\u00f3n es acabar con el sufrimiento personal de qui\u00e9n lo solicita. No compartimos esta idea principal recogida en esta norma. Consideramos que no se valora el hecho de que la Medicina, ciencia y arte del siglo XXI, dispone de recursos suficientes para acabar con el sufrimiento, dejando el final de la vida a su natural evoluci\u00f3n, eso s\u00ed, sin intervenci\u00f3n de medios extraordinarios contrarios a la deontolog\u00eda m\u00e9dica al alargar un proceso sin esperanza de reversibilidad. En nuestra opini\u00f3n, lo m\u00e1s \u00c9tico y Deontol\u00f3gico es acabar con el sufrimiento, acompa\u00f1ar al enfermo al final de su vida y ayudarle a morir en paz, atendiendo sus necesidades cl\u00ednicas, emocionales, sociales y espirituales. No nos parece l\u00edcito acabar con el sufrimiento a costa de poner fin a la vida del enfermo que sufre.<\/p>\n\n\n\n<p class=\"wp-block-paragraph\">Durante m\u00e1s de veinticinco siglos la Medicina ha tenido como fin la curaci\u00f3n del enfermo, su mejor\u00eda y alivio y si esto no era posible, el acompa\u00f1amiento en esta etapa final de la vida, procurando una muerte en paz y acorde con la dignidad de la persona, haciendo que un momento trascendental e importante en la vida de todo ser humano pueda ser llevadero y fuente de oportunidades personales.<\/p>\n\n\n\n<p class=\"wp-block-paragraph\">Consideramos que la acci\u00f3n que define a la eutanasia no se encuentra en ninguna de las definiciones legales de acto m\u00e9dico recogido en nuestro C\u00f3digo de Deontolog\u00eda M\u00e9dica, ni en la normativa legal que regula la profesi\u00f3n m\u00e9dica \u2212Ley de ordenaci\u00f3n de las profesiones sanitarias, Ley General de Sanidad, Ley de cohesi\u00f3n y calidad del Sistema Nacional de Salud, Leyes Sanitarias auton\u00f3micas\u2212, ni en la jurisprudencia de los Tribunales Supremo o Constitucional, ni tampoco entra en los fines de la Medicina definidos y actualizados por la Asociaci\u00f3n M\u00e9dica Mundial hasta el d\u00eda de hoy.<\/p>\n\n\n\n<p class=\"wp-block-paragraph\">Por todo ello consideramos que ni la eutanasia, como acci\u00f3n directa y necesaria de la que se deriva, directamente, la muerte del enfermo, ni la ayuda o cooperaci\u00f3n al suicidio son actos m\u00e9dicos. Estas acciones pueden ser ejecutadas por un m\u00e9dico, pero las entendemos como la aplicaci\u00f3n de una prestaci\u00f3n ofrecida por el Sistema Nacional de Salud, que podr\u00eda ser realizada por personas sin formaci\u00f3n m\u00e9dica o sanitaria.<\/p>\n\n\n\n<p class=\"wp-block-paragraph\">Son muchos los profesionales sanitarios que, desde hace m\u00e1s de 30 a\u00f1os y desde la Medicina Interna, la Geriatr\u00eda, la Oncolog\u00eda, la Medicina Familiar y Comunitaria y la Enfermer\u00eda se han formado en los conocimientos cient\u00edficos y cuidados que deben aplicarse a los enfermos que padecen un proceso terminal y se enfrentan al final de su vida. Todos hablamos hoy de los Cuidados Paliativos como aquellos a los que todo enfermo debe tener derecho cuando est\u00e9n indicados en su proceso patol\u00f3gico. Son medidas que se administran de forma personalizada y entre las que se encuentra la Sedaci\u00f3n Paliativa, como medida farmacol\u00f3gica indicada para eliminar el dolor y el sufrimiento, siempre con la dosis adecuada a cada paciente y a los s\u00edntomas que padece. Mientras que esta es una medida considerada como un deber deontol\u00f3gico en nuestro C\u00f3digo de Deontolog\u00eda M\u00e9dica, la muerte ocasionada de forma intencional y directa siempre ser\u00e1 el fracaso de la Medicina.<\/p>\n\n\n\n<p class=\"wp-block-paragraph\">Desde la Deontolog\u00eda M\u00e9dica, cultivada y aplicada en los Colegios de M\u00e9dicos, la defensa de la vida humana, desde su inicio hasta el final debe seguir siendo un fin principal. As\u00ed lo entiende el actual C\u00f3digo de Deontolog\u00eda M\u00e9dica, que afirma en su art\u00edculo 36.3: \u201cEl m\u00e9dico nunca provocar\u00e1 intencionadamente la muerte de ning\u00fan paciente, ni siquiera en caso de petici\u00f3n expresa por parte de \u00e9ste\u201d.<\/p>\n\n\n\n<p class=\"wp-block-paragraph\">Ahora bien, el hecho de que esta conducta haya sido aprobada a trav\u00e9s de una Ley Org\u00e1nica, cuando esta Ley entre en vigor y se aplique lo dispuesto en la misma, los m\u00e9dicos que participen en su cumplimiento \u00faltimo ser\u00e1n m\u00e9dicos colegiados y amparados en el ejercicio de su profesi\u00f3n; por tanto (y como ya sucedi\u00f3 con respecto al aborto), la respuesta colegial ser\u00e1 de no someterlos a la disciplina deontol\u00f3gica respecto a ese acto; as\u00ed lo recoge la Disposici\u00f3n Final Segunda del C\u00f3digo (\u201cEl m\u00e9dico que actuara amparado por las Leyes del Estado no podr\u00e1 ser sancionado deontol\u00f3gicamente\u201d).<\/p>\n\n\n\n<p class=\"wp-block-paragraph\">En base a las consideraciones precedentes, los firmantes de este documento, apoyamos las solicitudes de moratoria de entrada en vigor de la mencionada Ley, hasta que se produzca el pronunciamiento judicial acerca de su reclamada inconstitucionalidad. (<a href=\"https:\/\/www.change.org\/start-a-petition?utm_source=sem&amp;utm_medium=google_ad&amp;utm_campaign=G%3ESearch%3ESAP%3EES%3EBrand%3EAll-Match-Types&amp;utm_term=change%20org|e|AG:63005803591|AD:302486752715&amp;utm_content=2021_04_28&amp;gclid=CjwKCAjwj6SEBhAOEiwAvFRuKBJnO2Xn9EI1dOuGfND9guFz0h6C93r2X_ixpS_fAIu1agR6pZwkUBoCG8EQAvD_BwE\"><strong><em>Change.org<\/em><\/strong><\/a>).<\/p>\n\n\n\n<p class=\"wp-block-paragraph\"><strong><em>Joaqu\u00edn Fern\u00e1ndez-Crehuet Navajas M.D.PhD<br>Catedr\u00e1tico Em\u00e9rito de Medicina Preventiva y Salud P\u00fablica<br>Universidad de M\u00e1laga<\/em><\/strong><\/p>\n","protected":false},"excerpt":{"rendered":"<p>El actual C\u00f3digo de Deontolog\u00eda M\u00e9dica afirma en su art\u00edculo 36.3: \u201cEl m\u00e9dico nunca provocar\u00e1 intencionadamente la muerte de ning\u00fan paciente, ni siquiera en caso de petici\u00f3n expresa por parte de \u00e9ste\u201d La Ley Org\u00e1nica 3\/2021 de regulaci\u00f3n de la Eutanasia ha tra\u00eddo al seno de la Medicina, como sucedi\u00f3 hace m\u00e1s de 30 a\u00f1os&#8230;<\/p>\n","protected":false},"author":1,"featured_media":842,"comment_status":"closed","ping_status":"open","sticky":false,"template":"","format":"standard","meta":{"_kadence_starter_templates_imported_post":false,"_kad_post_transparent":"","_kad_post_title":"","_kad_post_layout":"","_kad_post_sidebar_id":"","_kad_post_content_style":"","_kad_post_vertical_padding":"","_kad_post_feature":"","_kad_post_feature_position":"","_kad_post_header":false,"_kad_post_footer":false,"_kad_post_classname":"","_jetpack_newsletter_access":"","_jetpack_dont_email_post_to_subs":false,"_jetpack_newsletter_tier_id":0,"_jetpack_memberships_contains_paywalled_content":false,"_jetpack_memberships_contains_paid_content":false,"footnotes":""},"categories":[9,5],"tags":[39,19],"class_list":["post-841","post","type-post","status-publish","format-standard","has-post-thumbnail","hentry","category-etica-medica","category-eutanasia","tag-deontologia-medica","tag-eutanasia"],"jetpack_sharing_enabled":true,"jetpack_featured_media_url":"https:\/\/expertosenetica.com\/wp-content\/uploads\/2021\/05\/JoaquinFernandezN.jpg","post_mailing_queue_ids":[],"_links":{"self":[{"href":"https:\/\/expertosenetica.com\/index.php\/wp-json\/wp\/v2\/posts\/841","targetHints":{"allow":["GET"]}}],"collection":[{"href":"https:\/\/expertosenetica.com\/index.php\/wp-json\/wp\/v2\/posts"}],"about":[{"href":"https:\/\/expertosenetica.com\/index.php\/wp-json\/wp\/v2\/types\/post"}],"author":[{"embeddable":true,"href":"https:\/\/expertosenetica.com\/index.php\/wp-json\/wp\/v2\/users\/1"}],"replies":[{"embeddable":true,"href":"https:\/\/expertosenetica.com\/index.php\/wp-json\/wp\/v2\/comments?post=841"}],"version-history":[{"count":0,"href":"https:\/\/expertosenetica.com\/index.php\/wp-json\/wp\/v2\/posts\/841\/revisions"}],"wp:featuredmedia":[{"embeddable":true,"href":"https:\/\/expertosenetica.com\/index.php\/wp-json\/wp\/v2\/media\/842"}],"wp:attachment":[{"href":"https:\/\/expertosenetica.com\/index.php\/wp-json\/wp\/v2\/media?parent=841"}],"wp:term":[{"taxonomy":"category","embeddable":true,"href":"https:\/\/expertosenetica.com\/index.php\/wp-json\/wp\/v2\/categories?post=841"},{"taxonomy":"post_tag","embeddable":true,"href":"https:\/\/expertosenetica.com\/index.php\/wp-json\/wp\/v2\/tags?post=841"}],"curies":[{"name":"wp","href":"https:\/\/api.w.org\/{rel}","templated":true}]}}