{"id":849,"date":"2021-06-01T12:10:18","date_gmt":"2021-06-01T10:10:18","guid":{"rendered":"https:\/\/expertosenetica.com\/?p=849"},"modified":"2021-06-01T12:10:18","modified_gmt":"2021-06-01T10:10:18","slug":"eutanasia-debe-preocuparnos-el-fenomeno-de-la-pendiente-resbaladiza","status":"publish","type":"post","link":"https:\/\/expertosenetica.com\/index.php\/2021\/06\/01\/eutanasia-debe-preocuparnos-el-fenomeno-de-la-pendiente-resbaladiza\/","title":{"rendered":"Eutanasia \u00bfDebe preocuparnos el fen\u00f3meno de la pendiente resbaladiza?"},"content":{"rendered":"\n<p class=\"wp-block-paragraph\">Hace algo m\u00e1s de dos mil a\u00f1os el fil\u00f3sofo griego\u00a0<strong>Epicuro<\/strong>, en su carta a Menecio, formulaba su famosa apor\u00eda de la muerte: \u00abLa muerte es algo que no nos afecta, porque mientras vivimos no hay muerte; y cuando la muerte est\u00e1 ah\u00ed, no estamos nosotros. La muerte es algo que nada tiene que ver ni con los vivos ni con los muertos\u00bb. Epicuro sobreentend\u00eda que\u00a0<strong>la muerte es un hecho \u00abque viene\u00bb<\/strong>, \u00abque acontece\u00bb, dado que no precisa de intervenci\u00f3n humana y que por ello no deb\u00edamos preocuparnos de la misma.<\/p>\n\n\n\n<p class=\"wp-block-paragraph\">\u00bfHubiera Epicuro pensado lo mismo si hubiera conocido la legalizaci\u00f3n de la&nbsp;<strong>eutanasia<\/strong>&nbsp;en la sociedad actual?<\/p>\n\n\n\n<p class=\"wp-block-paragraph\">La muerte a trav\u00e9s de la eutanasia, no es una &#8216;muerte permitida&#8217;, sino&nbsp;<strong>una &#8216;muerte provocada&#8217;<\/strong>, que necesita un m\u00ednimo de dos participantes: la persona que desea morir y el m\u00e9dico que provoca la muerte.<\/p>\n\n\n\n<p class=\"wp-block-paragraph\">Si la muerte de una persona mediante eutanasia ya es un hecho perturbador, mucho m\u00e1s lo es el que la muerte eutan\u00e1sica se generalice y&nbsp;<strong>se convierta en un &#8216;modus moriendi&#8217;<\/strong>&nbsp;frecuente en una sociedad.<\/p>\n\n\n\n<p class=\"wp-block-paragraph\">De hecho, una de las preocupaciones de los m\u00e9dicos espa\u00f1oles tras la promulgaci\u00f3n de la&nbsp;<strong>Ley Org\u00e1nica de Regulaci\u00f3n de la Eutanasia<\/strong>&nbsp;es el riesgo del ulterior desarrollo del fen\u00f3meno de &#8216;<strong>la pendiente resbaladiza<\/strong>&#8216;. Este fen\u00f3meno referido a la eutanasia supone que, si la eutanasia est\u00e1 autorizada para casos excepcionales de sufrimiento refractario en pacientes en situaci\u00f3n terminal, de estos casos, aparentemente bajo control, se pasar\u00e1 posteriormente a otros pacientes en los que estos controles no son suficientemente implementados, e incluso a ancianos, discapacitados, y otros grupos los cuales no eran hacia los que se dirig\u00eda, inicialmente, la legalizaci\u00f3n.<\/p>\n\n\n\n<p class=\"wp-block-paragraph\">El fen\u00f3meno de &#8216;la pendiente resbaladiza&#8217;, tambi\u00e9n denominado &#8216;efecto domin\u00f3&#8217;, no nace en el campo de la medicina ni de la bio\u00e9tica, sino que&nbsp;<strong>lo hace en el \u00e1mbito de la ret\u00f3rica<\/strong>, cuando en un debate o planteamiento formal se sugiere que, inevitablemente, una cadena de eventos se sigue de otros eventos posteriores no predichos.<\/p>\n\n\n\n<p class=\"wp-block-paragraph\">Este fen\u00f3meno puede suponer que, tras la legalizaci\u00f3n de la eutanasia su aplicaci\u00f3n se extienda, con el paso del tiempo,&nbsp;<strong>no solo a enfermos terminales<\/strong>&nbsp;que, voluntariamente, decidan adelantar su muerte, sino que progresivamente se aplique a otros pacientes que o bien no lo han decidido por s\u00ed mismos o bien no han sido libres en esa decisi\u00f3n.<\/p>\n\n\n\n<p class=\"wp-block-paragraph\">La Ley Org\u00e1nica de Regulaci\u00f3n de la Eutanasia (LORE) aprobada en el Parlamento Espa\u00f1ol en marzo de 2021 formula que la eutanasia solamente se podr\u00e1 aplicar&nbsp;<strong>cuando exista una raz\u00f3n suficiente para hacerlo tras evaluaci\u00f3n por un m\u00e9dico responsable, un m\u00e9dico consultor y un comit\u00e9 de garant\u00edas<\/strong>, y siempre dentro del marco legal. Una de las muchas cr\u00edticas que ha recibido la redacci\u00f3n de la ley es la no menci\u00f3n como principal &#8216;raz\u00f3n suficiente&#8217; para la eutanasia de la exigencia de que est\u00e1 solamente se aplique en situaciones cl\u00ednicas de enfermedad terminal, sino que la LORE centra en el sufrimiento del paciente el elemento determinante de la solicitud de la eutanasia.<\/p>\n\n\n\n<p class=\"wp-block-paragraph\">\u00bfPuede la redacci\u00f3n actual de la ley dar lugar a que la eutanasia se ampl\u00ede a personas en las que el &#8216;motivo justificado&#8217; para solicitarla no sea n\u00edtido y que a su vez, esta nueva permisi\u00f3n puede dar lugar a otras diferentes de las que el marco normativo no contempla ahora?<\/p>\n\n\n\n<p class=\"wp-block-paragraph\">\u00bfPudiera ocurrir en Espa\u00f1a la aparici\u00f3n del fen\u00f3meno de la &#8216;pendiente resbaladiza&#8217; tras la legalizaci\u00f3n de la eutanasia?<\/p>\n\n\n\n<p class=\"wp-block-paragraph\">\u00bfEn pa\u00edses que ya han legalizado la eutanasia es la pendiente resbaladiza en la eutanasia una falsedad, o es una realidad?<\/p>\n\n\n\n<p class=\"wp-block-paragraph\">En la mayor parte de los pa\u00edses en los que la eutanasia est\u00e1 legalizada, esta despenalizaci\u00f3n naci\u00f3 como una&nbsp;<strong>opci\u00f3n para pacientes en situaci\u00f3n terminal<\/strong>&nbsp;con s\u00edntomas refractarios y sufrimiento inaceptable, que voluntariamente deseaban acortar su vida. Sin embargo, cuando se analiza el n\u00famero de personas en los que actualmente se aplica la eutanasia en pa\u00edses en los que la legalizaci\u00f3n de la misma fue implementada hace a\u00f1os, se puede observar como el fen\u00f3meno de la pendiente resbaladiza es real, presentando dos elementos caracter\u00edsticos; el primero es el hecho del aumento constante del n\u00famero de personas que solicita la eutanasia o el suicidio asistido; el segundo, la aplicaci\u00f3n de las t\u00e9cnicas de facilitaci\u00f3n de la muerte a pacientes en situaciones cl\u00ednicas diferentes de las que inicialmente justificaron el desarrollo de la ley.<\/p>\n\n\n\n<p class=\"wp-block-paragraph\">En&nbsp;<strong>B\u00e9lgica<\/strong>, uno de los primeros pa\u00edses en los que se legaliz\u00f3 la eutanasia, mientras que en el a\u00f1o 2002 se practicaron 24 eutanasias, en el a\u00f1o 2012 hubo 1432 casos de muerte a trav\u00e9s de la eutanasia, y en el 2019 la cifra se elev\u00f3 a 2655 pacientes fallecidos a trav\u00e9s de la eutanasia. El mismo fen\u00f3meno incremental se observa en&nbsp;<strong>Canad\u00e1<\/strong>, donde el registro oficial de muertes por eutanasia en el a\u00f1o 2016 refiere 1015 fallecidos, quintuplic\u00e1ndose en el a\u00f1o 2019 (5631 fallecidos por eutanasia).&nbsp;<strong>Holanda<\/strong>&nbsp;pas\u00f3 de 16 eutanasias por cada 1000 fallecidos en el a\u00f1o 2007 a 43,9 diez a\u00f1os despu\u00e9s. En&nbsp;<strong>Suiza<\/strong>, las cifras oficiales muestran que el n\u00famero de residentes suizos que murieron por suicidio asistido aument\u00f3 de 43 en 1998 a m\u00e1s de 1000 en 2015. Esta constante elevaci\u00f3n del n\u00famero de personas fallecidas por eutanasia puede ser interpretada por algunos como una evidencia de la necesidad que exist\u00eda de la ley en estos pa\u00edses; sin embargo, una lectura a la luz de la pendiente resbaladiza nos puede hacer sospechar la aplicaci\u00f3n progresiva de la ley de modo m\u00e1s laxa, de modo que pudieran estar aplic\u00e1ndose protocolos de &#8216;muerte m\u00e9dicamente asistida&#8217; a pacientes que podr\u00edan tener otras alternativas, diferentes a la muerte, para evitar su sufrimiento.<\/p>\n\n\n\n<p class=\"wp-block-paragraph\">Como se mencion\u00f3 anteriormente, el segundo fen\u00f3meno vinculado a la pendiente resbaladiza en la eutanasia o el suicidio asistido es el hecho de que estos&nbsp;<strong>se extiendan a situaciones cl\u00ednicas concretas<\/strong>, no contempladas inicialmente.<\/p>\n\n\n\n<p class=\"wp-block-paragraph\">El an\u00e1lisis de lo ocurrido en otros pa\u00edses en los a\u00f1os precedentes constata este fen\u00f3meno. En B\u00e9lgica, la eutanasia no se limita a las personas con enfermedades terminales, sino que se extiende a una amplia gama de afecciones, que incluyen depresi\u00f3n, ceguera, sordera, crisis de identidad de g\u00e9nero y anorexia. En este mismo pa\u00eds, el grupo etario de mayor incremento de eutanasias en los \u00faltimos diez a\u00f1os fue el grupo de los octogenarios. As\u00ed, entre el a\u00f1o 2003 y 2013<strong>&nbsp;la incidencia de eutanasia en los mayores de 80 a\u00f1os se multiplic\u00f3 por diez.<\/strong>&nbsp;En esta misma l\u00ednea de argumentaci\u00f3n, algunos estudios realizados sobre las causas de solicitud de eutanasia o suicidio asistido en Holanda refer\u00edan casos de eutanasia en pacientes ancianos que hab\u00edan pasado de ser independientes y activos socialmente a ser personas dependientes, con s\u00edndromes geri\u00e1tricos m\u00faltiples (p\u00e9rdida de la audici\u00f3n, dolor, cansancio cr\u00f3nico, etc\u00e9tera), lo cual les produc\u00eda un sufrimiento f\u00edsico debido a la p\u00e9rdida de movilidad, dependencia, aislamiento social, etc\u00e9tera, y muchas de estas personas no padec\u00edan afecciones potencialmente mortales. Todo ello evidencia que una&nbsp;<strong>acumulaci\u00f3n de s\u00edndromes geri\u00e1tricos m\u00faltiples<\/strong>&nbsp;ha conducido, en esos casos, a una solicitud de muerte asistida (eutanasia o suicidio) entrelazando la dimensi\u00f3n social y existencial del sufrimiento.<\/p>\n\n\n\n<p class=\"wp-block-paragraph\">Parece evidente que el fen\u00f3meno de la pendiente resbaladiza no es solo una elucubraci\u00f3n, sino una realidad objetiva en los pa\u00edses con tradici\u00f3n eutan\u00e1sica. No podremos saber&nbsp;<strong>qu\u00e9 pensar\u00eda Epicuro del fen\u00f3meno de la pendiente resbaladiza en la eutanasia,<\/strong>&nbsp;pero es m\u00e1s que probable que, a pesar de ser el maestro de la escuela hedonista, a los que no les preocupaba la muerte, ante esta situaci\u00f3n, Epicuro estuviese preocupado.<\/p>\n","protected":false},"excerpt":{"rendered":"<p>Hace algo m\u00e1s de dos mil a\u00f1os el fil\u00f3sofo griego\u00a0Epicuro, en su carta a Menecio, formulaba su famosa apor\u00eda de la muerte: \u00abLa muerte es algo que no nos afecta, porque mientras vivimos no hay muerte; y cuando la muerte est\u00e1 ah\u00ed, no estamos nosotros. La muerte es algo que nada tiene que ver ni&#8230;<\/p>\n","protected":false},"author":1,"featured_media":850,"comment_status":"closed","ping_status":"open","sticky":false,"template":"","format":"standard","meta":{"_kadence_starter_templates_imported_post":false,"_kad_post_transparent":"","_kad_post_title":"","_kad_post_layout":"","_kad_post_sidebar_id":"","_kad_post_content_style":"","_kad_post_vertical_padding":"","_kad_post_feature":"","_kad_post_feature_position":"","_kad_post_header":false,"_kad_post_footer":false,"_kad_post_classname":"","_jetpack_newsletter_access":"","_jetpack_dont_email_post_to_subs":false,"_jetpack_newsletter_tier_id":0,"_jetpack_memberships_contains_paywalled_content":false,"_jetpack_memberships_contains_paid_content":false,"footnotes":""},"categories":[5],"tags":[19],"class_list":["post-849","post","type-post","status-publish","format-standard","has-post-thumbnail","hentry","category-eutanasia","tag-eutanasia"],"jetpack_sharing_enabled":true,"jetpack_featured_media_url":"https:\/\/expertosenetica.com\/wp-content\/uploads\/2021\/06\/dominguez.jpg","post_mailing_queue_ids":[],"_links":{"self":[{"href":"https:\/\/expertosenetica.com\/index.php\/wp-json\/wp\/v2\/posts\/849","targetHints":{"allow":["GET"]}}],"collection":[{"href":"https:\/\/expertosenetica.com\/index.php\/wp-json\/wp\/v2\/posts"}],"about":[{"href":"https:\/\/expertosenetica.com\/index.php\/wp-json\/wp\/v2\/types\/post"}],"author":[{"embeddable":true,"href":"https:\/\/expertosenetica.com\/index.php\/wp-json\/wp\/v2\/users\/1"}],"replies":[{"embeddable":true,"href":"https:\/\/expertosenetica.com\/index.php\/wp-json\/wp\/v2\/comments?post=849"}],"version-history":[{"count":0,"href":"https:\/\/expertosenetica.com\/index.php\/wp-json\/wp\/v2\/posts\/849\/revisions"}],"wp:featuredmedia":[{"embeddable":true,"href":"https:\/\/expertosenetica.com\/index.php\/wp-json\/wp\/v2\/media\/850"}],"wp:attachment":[{"href":"https:\/\/expertosenetica.com\/index.php\/wp-json\/wp\/v2\/media?parent=849"}],"wp:term":[{"taxonomy":"category","embeddable":true,"href":"https:\/\/expertosenetica.com\/index.php\/wp-json\/wp\/v2\/categories?post=849"},{"taxonomy":"post_tag","embeddable":true,"href":"https:\/\/expertosenetica.com\/index.php\/wp-json\/wp\/v2\/tags?post=849"}],"curies":[{"name":"wp","href":"https:\/\/api.w.org\/{rel}","templated":true}]}}