{"id":859,"date":"2021-06-28T10:08:31","date_gmt":"2021-06-28T08:08:31","guid":{"rendered":"https:\/\/expertosenetica.com\/?p=859"},"modified":"2021-06-28T10:08:31","modified_gmt":"2021-06-28T08:08:31","slug":"el-neurologo-es-quien-valora-el-grado-de-sufrimiento-ante-la-eutanasia","status":"publish","type":"post","link":"https:\/\/expertosenetica.com\/index.php\/2021\/06\/28\/el-neurologo-es-quien-valora-el-grado-de-sufrimiento-ante-la-eutanasia\/","title":{"rendered":"El neur\u00f3logo \u00abes quien valora el grado de sufrimiento\u00bb ante la eutanasia"},"content":{"rendered":"\n<p class=\"wp-block-paragraph\">(Ref redaccionmedica.com)<\/p>\n\n\n\n<p class=\"wp-block-paragraph\">La Sociedad Espa\u00f1ola de Neurolog\u00eda (SEN), a trav\u00e9s de su Comit\u00e9 Ad-Hoc de Humanizaci\u00f3n del Final de la Vida, ha elaborado un&nbsp;<strong>documento cient\u00edfico-t\u00e9cnico de posicionamiento sobre la Ley Org\u00e1nica sobre la Regulaci\u00f3n de la Eutanasia (LORE)<\/strong>&nbsp;en lo referente al neur\u00f3logo como \u201cm\u00e9dico responsable\u201d y acerca de su potencial impacto en la atenci\u00f3n de personas con enfermedades neurol\u00f3gicas.&nbsp;<\/p>\n\n\n\n<p class=\"wp-block-paragraph\">Ante la repercusi\u00f3n que puede tener la LORE en personas con enfermedades neurol\u00f3gicas, y teniendo en cuenta que en otros pa\u00edses suponen&nbsp;<strong>hasta el 20 por ciento de las peticione<\/strong>s, la SEN ha presentado este documento coincidiendo con la entrada en vigor de la ley. En \u00e9l, plantea considerar varias cuestiones a la hora aplicar la normal.&nbsp;<\/p>\n\n\n\n<p class=\"wp-block-paragraph\">La primera es que \u00ab<strong>si el paciente solicita la aplicaci\u00f3n del derecho a la eutanasia o al suicidio asistido por una enfermedad neurol\u00f3gica, debe ser un neur\u00f3logo quien valore el grado de sufrimiento que la enfermedad le produce<\/strong>\u00ab. \u00abEl neur\u00f3logo tambi\u00e9n deber\u00e1 cerciorarse de que el paciente conoce en profundidad su enfermedad, su pron\u00f3stico y sus opciones terap\u00e9uticas, y que la voluntad de mo\u00adrir se hace con perfecto conocimiento y capacidad de la persona solicitante, sin estar influenciada por un trastorno cognitivo, neuropsiqui\u00e1trico o por coacci\u00f3n externa\u00bb, a\u00f1aden.&nbsp;<\/p>\n\n\n\n<p class=\"wp-block-paragraph\">Como segundo punto, se\u00f1alan que \u00abse solicita que la valoraci\u00f3n neurol\u00f3gica y psiqui\u00e1trica sea obligatoria, siem\u00adpre, con independencia de la enfermedad que motiva la solicitud. Tras la soli\u00adcitud de un procedimiento eutan\u00e1sico es necesaria una&nbsp;<strong>evaluaci\u00f3n multidisci\u00adplinaria de la cognici\u00f3n, el estado de \u00e1nimo y, en definitiva, la capacidad para otorgar el consentimiento informado de forma voluntaria<\/strong>&nbsp;y libre tras su adecua\u00adda comprensi\u00f3n y juicio\u00bb.&nbsp;<\/p>\n\n\n\n<h2 class=\"wp-block-heading\">Presencia de un neur\u00f3logo con formaci\u00f3n acreditada<\/h2>\n\n\n\n<p class=\"wp-block-paragraph\">Tambi\u00e9n solicitan la presencia de al menos un<strong>&nbsp;m\u00e9dico especialista en Neurolog\u00eda con formaci\u00f3n adecuada y acreditada por una sociedad cient\u00edfica como la SEN<\/strong>, entre los miembros de la Comisi\u00f3n de Garant\u00eda y Evaluaci\u00f3n. E instan&nbsp;a la Administraci\u00f3n a que lleve a cabo un<strong>a revisi\u00f3n del proceso de reali\u00adzaci\u00f3n de voluntades anticipadas<\/strong>, instrucciones previas (IP), o documentos similares, especialmente en caso de personas aquejadas de trastornos neurol\u00f3gicos, de forma que, si incluye una solicitud de eutanasia, quede acreditada la capacidad del paciente cuando realiz\u00f3 el documento.<\/p>\n\n\n\n<p class=\"wp-block-paragraph\">Adem\u00e1s, recomiendan que el neur\u00f3logo responsable de la asistencia del paciente&nbsp;<strong>no sea el responsable de las evaluaciones relacionadas con la idoneidad&nbsp;<\/strong>del procedimiento eutan\u00e1sico, es decir, desvincular la asistencia m\u00e9dica del proceso eutan\u00e1sico, y reclaman una mayor accesibilidad a los cuidados paliativos en las enfermedades neurol\u00f3gicas.<\/p>\n\n\n\n<p class=\"wp-block-paragraph\">La SEN tambi\u00e9n propone que se desarrolle e implemente una \u201c<strong>Planificaci\u00f3n Anticipada de los Cuidados del final de la vida<\/strong>\u201d en enfermedades neurol\u00f3gicas y que quede reco\u00adgida en la Historia Cl\u00ednica digital de los Servicios Sanitarios.<\/p>\n\n\n\n<p class=\"wp-block-paragraph\">Y, \u00absi existe un documento de IP con una solicitud de eutanasia, se cumplen los supuestos y el paciente ya no es competente, se solicita que el Ministerio Fiscal vele por su adecuada protecci\u00f3n y que se incluya una valoraci\u00f3n pericial retros\u00adpectiva de la competencia, realizada por un neur\u00f3logo y un psiquiatra\u00bb.&nbsp;<\/p>\n","protected":false},"excerpt":{"rendered":"<p>(Ref redaccionmedica.com) La Sociedad Espa\u00f1ola de Neurolog\u00eda (SEN), a trav\u00e9s de su Comit\u00e9 Ad-Hoc de Humanizaci\u00f3n del Final de la Vida, ha elaborado un&nbsp;documento cient\u00edfico-t\u00e9cnico de posicionamiento sobre la Ley Org\u00e1nica sobre la Regulaci\u00f3n de la Eutanasia (LORE)&nbsp;en lo referente al neur\u00f3logo como \u201cm\u00e9dico responsable\u201d y acerca de su potencial impacto en la atenci\u00f3n de&#8230;<\/p>\n","protected":false},"author":1,"featured_media":860,"comment_status":"closed","ping_status":"open","sticky":false,"template":"","format":"standard","meta":{"_kadence_starter_templates_imported_post":false,"_kad_post_transparent":"","_kad_post_title":"","_kad_post_layout":"","_kad_post_sidebar_id":"","_kad_post_content_style":"","_kad_post_vertical_padding":"","_kad_post_feature":"","_kad_post_feature_position":"","_kad_post_header":false,"_kad_post_footer":false,"_kad_post_classname":"","_jetpack_newsletter_access":"","_jetpack_dont_email_post_to_subs":false,"_jetpack_newsletter_tier_id":0,"_jetpack_memberships_contains_paywalled_content":false,"_jetpack_memberships_contains_paid_content":false,"footnotes":""},"categories":[5],"tags":[19,40],"class_list":["post-859","post","type-post","status-publish","format-standard","has-post-thumbnail","hentry","category-eutanasia","tag-eutanasia","tag-neurologo"],"jetpack_sharing_enabled":true,"jetpack_featured_media_url":"https:\/\/expertosenetica.com\/wp-content\/uploads\/2021\/06\/Jose\u0301-Miguel.jpg","post_mailing_queue_ids":[],"_links":{"self":[{"href":"https:\/\/expertosenetica.com\/index.php\/wp-json\/wp\/v2\/posts\/859","targetHints":{"allow":["GET"]}}],"collection":[{"href":"https:\/\/expertosenetica.com\/index.php\/wp-json\/wp\/v2\/posts"}],"about":[{"href":"https:\/\/expertosenetica.com\/index.php\/wp-json\/wp\/v2\/types\/post"}],"author":[{"embeddable":true,"href":"https:\/\/expertosenetica.com\/index.php\/wp-json\/wp\/v2\/users\/1"}],"replies":[{"embeddable":true,"href":"https:\/\/expertosenetica.com\/index.php\/wp-json\/wp\/v2\/comments?post=859"}],"version-history":[{"count":0,"href":"https:\/\/expertosenetica.com\/index.php\/wp-json\/wp\/v2\/posts\/859\/revisions"}],"wp:featuredmedia":[{"embeddable":true,"href":"https:\/\/expertosenetica.com\/index.php\/wp-json\/wp\/v2\/media\/860"}],"wp:attachment":[{"href":"https:\/\/expertosenetica.com\/index.php\/wp-json\/wp\/v2\/media?parent=859"}],"wp:term":[{"taxonomy":"category","embeddable":true,"href":"https:\/\/expertosenetica.com\/index.php\/wp-json\/wp\/v2\/categories?post=859"},{"taxonomy":"post_tag","embeddable":true,"href":"https:\/\/expertosenetica.com\/index.php\/wp-json\/wp\/v2\/tags?post=859"}],"curies":[{"name":"wp","href":"https:\/\/api.w.org\/{rel}","templated":true}]}}