{"id":876,"date":"2021-09-15T13:21:56","date_gmt":"2021-09-15T11:21:56","guid":{"rendered":"https:\/\/expertosenetica.com\/?p=876"},"modified":"2022-02-01T11:39:17","modified_gmt":"2022-02-01T10:39:17","slug":"dra-maria-castellano-in-memoriam-a-enrique-villanueva-canadas","status":"publish","type":"post","link":"https:\/\/expertosenetica.com\/index.php\/2021\/09\/15\/dra-maria-castellano-in-memoriam-a-enrique-villanueva-canadas\/","title":{"rendered":"Dra. Mar\u00eda Castellano: \u201cIn memoriam a Enrique Villanueva Ca\u00f1adas\u00bb"},"content":{"rendered":"\r\n<p class=\"wp-block-paragraph\">Fallec\u00eda la semana pasada<\/p>\r\n\r\n\r\n\r\n<p class=\"wp-block-paragraph\">La Dra. Mar\u00eda Castellano Arroyo, Catedr\u00e1tica de Medicina Legal y Vocal de la Comisi\u00f3n de Deontolog\u00eda del Consejo Andaluz de Colegios de M\u00e9dicos, realiza un obituario en memoria del Dr. Enrique Villanueva Ca\u00f1adas, fallecido la semana pasada y quien fue presidente de la Comisi\u00f3n Central de Deontolog\u00eda del Consejo General de Colegios Oficiales de M\u00e9dicos (CGCOM)<\/p>\r\n\r\n\r\n\r\n<p class=\"wp-block-paragraph\">Dec\u00eda S\u00e9neca \u201c<em>Este d\u00eda que tanto temes por ser el \u00faltimo, es la aurora del d\u00eda eterno<\/em>\u201d.\u00a0 Parafraseando a Henry Adams, esta frase se llena de sentido cuando qui\u00e9n vive ese \u00faltimo d\u00eda es un \u201cmaestro\u201d, porque qui\u00e9n lo es, cada d\u00eda de su trabajo lo es para la eternidad, ya que sus huellas hacen perpetua su influencia en sus disc\u00edpulos.<\/p>\r\n\r\n\r\n\r\n<p class=\"wp-block-paragraph\">El pasado d\u00eda 8 de septiembre fallec\u00eda, en Granada,\u00a0 Enrique Villanueva Ca\u00f1adas, m\u00e9dico y catedr\u00e1tico de Medicina Legal, maestro sabio, brillante y generoso, s\u00edmbolo\u00a0 de la Universidad espa\u00f1ola desde los a\u00f1os 60.<\/p>\r\n\r\n\r\n\r\n<p class=\"wp-block-paragraph\">Nacido en \u00d3rgiva, vivi\u00f3 la genuina medicina rural en el ejemplo de su padre, que le inspir\u00f3 vocaci\u00f3n \u00a0\u00a0y entrega. Se interes\u00f3 por \u00a0la Medicina Legal y Forense al conocer a Don Juan Antonio Gisbert Calabuig, catedr\u00e1tico reci\u00e9n llegado a Granada y al que ayudaba en las autopsias que \u00e9ste realizaba como M\u00e9dico Forense de \u00d3rgiva.\u00a0 Fue el alumno perfecto que de la mano del maestro se empap\u00f3 de conocimientos y se abri\u00f3 a la Medicina Legal europea a trav\u00e9s de los Congresos de Lengua Francesa, de la Academia Internacional de Medicina Legal o de la Sociedad Mediterr\u00e1nea de Medicina Legal. Ampli\u00f3 estudios en el Instituto de Medicina Legal de Lille y en 1975 gan\u00f3 la c\u00e1tedra de Granada. Con la referencia del maestro continu\u00f3 la estela de la escuela valenciana,\u00a0\u00a0 engrandeciendo su prestigio en Granada y llev\u00e1ndolo a las c\u00e1tedras de Espa\u00f1a e Institutos de Medicina Legal de Europa.<\/p>\r\n\r\n\r\n\r\n<p class=\"wp-block-paragraph\">Siempre me he sentido orgullosa y afortunada de ser su primera disc\u00edpula y de que, desde el principio su familia fuera mi familia. Con \u00e9l, en los a\u00f1os 70, desarrollamos un laboratorio dotado de la instrumentaci\u00f3n m\u00e1s moderna capaz de dar respuesta a la investigaci\u00f3n cient\u00edfica en el \u00e1mbito de la criminal\u00edstica, la tanatolog\u00eda o\u00a0 la toxicolog\u00eda. Las nuevas tecnolog\u00edas aplicadas a la tanatoquimia (data de la muerte), lo se\u00f1alaron\u00a0 entre los expertos m\u00e1s reconocidos; el desarrollo de la gen\u00e9tica forense que ya se vislumbraba como la panacea de la criminal\u00edstica y la \u00a0identificaci\u00f3n m\u00e9dico-legal o la investigaci\u00f3n toxicol\u00f3gica en todos sus aspectos fueron \u00e0reas de referencia en la c\u00e1tedra. Bajo su direcci\u00f3n a finales de los a\u00f1os 70 y principio de los 80 organizamos en Granada los Cursos de T\u00e9cnicas Instrumentales, a los que acudieron profesores de todas las c\u00e1tedras de Espa\u00f1a, lo que signific\u00f3 un est\u00edmulo cient\u00edfico \u00a0para todos y una amistad para siempre; profesores como Angelo Fiori o Armand Andr\u00e9 se hicieron habituales entre nosotros y los m\u00e9dicos legistas espa\u00f1oles \u00e9ramos recibidos en Europa con el mayor de los respetos.<\/p>\r\n\r\n\r\n\r\n<p class=\"wp-block-paragraph\">La c\u00e1tedra de Medicina Legal de Granada (despu\u00e9s Departamento), con sus Escuelas Profesionales de Medicina del Trabajo y de Medicina Legal, era el faro que atra\u00eda a quienes se interesaban por estas especialidades o por preparar la oposici\u00f3n para M\u00e9dicos Forenses, actividad que el Ministerio de Justicia ha mantenido al margen de la Universidad hasta muy recientemente. Precisamente, uno de los objetivos de Enrique Villanueva \u00a0en el que volc\u00f3 esfuerzo e ilusi\u00f3n fue conseguir esta unificaci\u00f3n, proyecto en el que nos comprometi\u00f3 a todos sus disc\u00edpulos. Despu\u00e9s de muchos a\u00f1os, algo se ha logrado, aunque a trav\u00e9s de un modelo, bastante mejorable.<\/p>\r\n\r\n\r\n\r\n<p class=\"wp-block-paragraph\">Pero junto a los temas m\u00e9dico-legales m\u00e1s cl\u00e1sicos, Enrique Villanueva dirigi\u00f3 su inter\u00e9s a aspectos de la Medicina Legal \u201cde los vivos\u201d, m\u00e1s amplia, m\u00e1s din\u00e1mica y muy necesaria: \u00a0la Medicina del trabajo y la salud laboral, \u00a0la violencia familiar y de g\u00e9nero,\u00a0 los aspectos legales de los trastornos mentales, los derechos de los pacientes y \u00a0la \u00c9tica y Deontolog\u00eda profesional, entre otros. El libro de texto \u201cMedicina Legal y Toxicolog\u00eda, del profesor Gisbert\u00a0 Calabuig, fue conociendo nuevas ediciones, hasta la de 2018 (de la que E. Villanueva es el editor); en los \u00faltimos 25 a\u00f1os ampli\u00f3 la parte de Derecho sanitario con cap\u00edtulos sobre el Secreto profesional, la Historia Cl\u00ednica, el derecho a la Informaci\u00f3n, o el Consentimiento para la actuaci\u00f3n m\u00e9dica, textos que \u00a0han sido referencia obligada para la, tan necesaria, formaci\u00f3n m\u00e9dico-legal de los m\u00e9dicos actuales.<\/p>\r\n\r\n\r\n\r\n<p class=\"wp-block-paragraph\">En este \u00e1mbito, a sus disc\u00edpulos nos transmiti\u00f3 la importancia de los Colegios Profesionales como instrumentos de defensa de la Deontolog\u00eda profesional. La relaci\u00f3n m\u00e9dico-enfermo en respeto, dignidad e igualdad deb\u00eda ajustarse a normas \u00e9ticas que generaran confianza y respeto mutuo, y esto deb\u00edan promoverlo y cumplirlo los Colegios. Por ello nos anim\u00f3 a comprometernos en la tarea de las Comisiones de Deontolog\u00eda M\u00e9dica y todos lo hemos hecho as\u00ed en los Colegios a los que hemos pertenecido y en todos aquellos en los que se nos ha invitado y ofrecido un foro de comunicaci\u00f3n.<\/p>\r\n\r\n\r\n\r\n<p class=\"wp-block-paragraph\">Esta faceta la ha culminado el profesor Villanueva ya en el siglo XXI perteneciendo a la Comisi\u00f3n Central de Deontolog\u00eda en la que coincidi\u00f3 con el profesor Gonzalo Herr\u00e1nz que le produjo un profundo respeto y se convirti\u00f3 para \u00e9l en un referente al que imitar. Su segundo periodo en la Comisi\u00f3n coincidi\u00f3 con la Presidencia del Dr Marcos G\u00f3mez Sancho, al que sucedi\u00f3 como presidente; esta etapa fue especialmente fruct\u00edfera para todos los que tuvimos la suerte de formar parte de la misma, ya que pudimos trabajar en el proyecto de C\u00f3digo de Deontolog\u00eda M\u00e9dica, aprobado en 2011 por el CGCM. Precisamente en 2016 y 2017, trabajamos en la revisi\u00f3n de este C\u00f3digo, conscientes de que hab\u00eda nuevas formas de medicina (telemedicina) y nuevas organizaciones asistenciales, que hac\u00edan necesario nuevos cap\u00edtulos que establecieran las normas a seguir para garantizar una asistencia sanitaria y una relaci\u00f3n m\u00e9dico-paciente ajustada a los nuevos tiempos y que continuara con el respeto a la dignidad de las personas y de sus derechos en el \u00e1mbito asistencial y cuidado de su salud. Esa revisi\u00f3n se est\u00e1 realizando por la Comisi\u00f3n actual.<\/p>\r\n\r\n\r\n\r\n<p class=\"wp-block-paragraph\">Al dejar la Comisi\u00f3n Central nos \u00a0lleg\u00f3 la etapa de Andaluc\u00eda, y los esfuerzos, ideas y tareas se dirigieron al Consejo Andaluz de Colegios M\u00e9dicos, donde el profesor Villanueva y varios de sus disc\u00edpulos volvimos a encontrar, en la Comisi\u00f3n de Deontolog\u00eda de este Consejo, un ambiente profesional y humano extraordinario en el que abordar problemas diversos que han culminado con los derivados de la pandemia que padecemos y sus consecuencias. Tambi\u00e9n form\u00f3 parte el profesor Villanueva del Comit\u00e9 Andaluz de Bio\u00e9tica\u00a0 en el que ha aportado sus opiniones derivadas de una formaci\u00f3n \u00e9tica-deontol\u00f3gica s\u00f3lida y un convencimiento moral inamovible. Su \u00faltimo disgusto ha sido la Ley de Eutanasia cuyo contenido\u00a0 no compart\u00edamos; aunque no fue posible llevar al \u00e1nimo social y profesional un debate que habr\u00eda sido tan necesario para tratar un tema tan sensible, desde una aut\u00e9ntica opini\u00f3n de consenso colectivo.<\/p>\r\n\r\n\r\n\r\n<p class=\"wp-block-paragraph\">La vida no se mide por la extensi\u00f3n, sino por el contenido. Los encuentros con\u00a0 personas ricas en valores, virtudes, experiencias y vivencias dejan caer semillas que despu\u00e9s fructifican con vida propia en el otro, por eso dice un proverbio japon\u00e9s que\u00a0<em>\u201cvale m\u00e1s un d\u00eda con un gran maestro que mil d\u00edas de estudio diligente\u201d.\u00a0\u00a0\u00a0<\/em>Por todo ello, desde 1980 hemos sido muchos los catedr\u00e1ticos y catedr\u00e1ticas que como disc\u00edpulos directos suyos o de segunda generaci\u00f3n nos hemos dedicado a la Medicina Legal intentando seguir el ejemplo del maestro. Igual sucede con los M\u00e9dicos Forenses, entre los que se cuenta su hija Herminia, \u00e9stos optaron por la pr\u00e1ctica forense en los Juzgados y ahora en los Institutos de Medicina Legal, as\u00ed como con los especialistas que desempe\u00f1an el ejercicio privado de la especialidad. Somos legi\u00f3n los que le reconocemos como maestro extraordinario, pero a\u00fan es mayor nuestro agradecimiento porque supo llegar y tocar nuestros sentimientos.\u00a0 En ese sentido, su biograf\u00eda puede reconstruirse a trav\u00e9s de la de todos los que aprendimos a su lado e hicimos nuestros sus proyectos y sus ideales.<\/p>\r\n\r\n\r\n\r\n<p class=\"wp-block-paragraph\">Su enfermedad ha sido una sorpresa. Sus \u00faltimas conferencias han sido en las actividades de la c\u00e1tedra Maim\u00f3nides (CACM) y la Escuela Andaluza de Salud P\u00fablica y la cient\u00edfico-l\u00fadica para clausurar el a\u00f1o de la Asociaci\u00f3n San Cosme y San Dami\u00e1n, de M\u00e9dicos jubilados en el Colegio de M\u00e9dicos de Granada, en todas ellas nos dej\u00f3 la satisfacci\u00f3n de haber compartido con \u00e9l aqu\u00e9l tiempo precioso. El d\u00eda 7 de julio ambos explor\u00e1bamos juntos a un paciente sobre el que hacer un dictamen pericial psiqui\u00e1trico. Hasta el final, compartiendo amistad, magisterio, afecto y tantas cosas para las que despu\u00e9s de 50 a\u00f1os de camino recorrido, las palabras no son suficientes.<\/p>\r\n\r\n\r\n\r\n<p class=\"wp-block-paragraph\">Gracias por su vida. Siempre estar\u00e1 con nosotros. Descanse en Paz<\/p>\r\n","protected":false},"excerpt":{"rendered":"<p>Fallec\u00eda la semana pasada La Dra. Mar\u00eda Castellano Arroyo, Catedr\u00e1tica de Medicina Legal y Vocal de la Comisi\u00f3n de Deontolog\u00eda del Consejo Andaluz de Colegios de M\u00e9dicos, realiza un obituario en memoria del Dr. Enrique Villanueva Ca\u00f1adas, fallecido la semana pasada y quien fue presidente de la Comisi\u00f3n Central de Deontolog\u00eda del Consejo General de&#8230;<\/p>\n","protected":false},"author":1,"featured_media":895,"comment_status":"closed","ping_status":"open","sticky":false,"template":"","format":"standard","meta":{"_kadence_starter_templates_imported_post":false,"_kad_post_transparent":"","_kad_post_title":"","_kad_post_layout":"","_kad_post_sidebar_id":"","_kad_post_content_style":"","_kad_post_vertical_padding":"","_kad_post_feature":"","_kad_post_feature_position":"","_kad_post_header":false,"_kad_post_footer":false,"_kad_post_classname":"","_jetpack_newsletter_access":"","_jetpack_dont_email_post_to_subs":false,"_jetpack_newsletter_tier_id":0,"_jetpack_memberships_contains_paywalled_content":false,"_jetpack_memberships_contains_paid_content":false,"footnotes":""},"categories":[3],"tags":[],"class_list":["post-876","post","type-post","status-publish","format-standard","has-post-thumbnail","hentry","category-sin-categoria"],"jetpack_sharing_enabled":true,"jetpack_featured_media_url":"https:\/\/expertosenetica.com\/wp-content\/uploads\/2021\/09\/images.jpg","post_mailing_queue_ids":[],"_links":{"self":[{"href":"https:\/\/expertosenetica.com\/index.php\/wp-json\/wp\/v2\/posts\/876","targetHints":{"allow":["GET"]}}],"collection":[{"href":"https:\/\/expertosenetica.com\/index.php\/wp-json\/wp\/v2\/posts"}],"about":[{"href":"https:\/\/expertosenetica.com\/index.php\/wp-json\/wp\/v2\/types\/post"}],"author":[{"embeddable":true,"href":"https:\/\/expertosenetica.com\/index.php\/wp-json\/wp\/v2\/users\/1"}],"replies":[{"embeddable":true,"href":"https:\/\/expertosenetica.com\/index.php\/wp-json\/wp\/v2\/comments?post=876"}],"version-history":[{"count":1,"href":"https:\/\/expertosenetica.com\/index.php\/wp-json\/wp\/v2\/posts\/876\/revisions"}],"predecessor-version":[{"id":886,"href":"https:\/\/expertosenetica.com\/index.php\/wp-json\/wp\/v2\/posts\/876\/revisions\/886"}],"wp:featuredmedia":[{"embeddable":true,"href":"https:\/\/expertosenetica.com\/index.php\/wp-json\/wp\/v2\/media\/895"}],"wp:attachment":[{"href":"https:\/\/expertosenetica.com\/index.php\/wp-json\/wp\/v2\/media?parent=876"}],"wp:term":[{"taxonomy":"category","embeddable":true,"href":"https:\/\/expertosenetica.com\/index.php\/wp-json\/wp\/v2\/categories?post=876"},{"taxonomy":"post_tag","embeddable":true,"href":"https:\/\/expertosenetica.com\/index.php\/wp-json\/wp\/v2\/tags?post=876"}],"curies":[{"name":"wp","href":"https:\/\/api.w.org\/{rel}","templated":true}]}}