{"id":96,"date":"2016-01-21T19:52:20","date_gmt":"2016-01-21T19:52:20","guid":{"rendered":"https:\/\/expertosenetica.com\/?p=96"},"modified":"2016-01-21T19:52:20","modified_gmt":"2016-01-21T19:52:20","slug":"los-medicos-de-familia-podran-predecir-con-cinco-anos-de-antelacion-quien-desarrollara-demencia","status":"publish","type":"post","link":"https:\/\/expertosenetica.com\/index.php\/2016\/01\/21\/los-medicos-de-familia-podran-predecir-con-cinco-anos-de-antelacion-quien-desarrollara-demencia\/","title":{"rendered":"Los m\u00e9dicos de familia podr\u00e1n predecir con cinco a\u00f1os de antelaci\u00f3n qui\u00e9n desarrollar\u00e1 demencia"},"content":{"rendered":"<p id=\"num-comentarios-16.2.4013689405\" class=\"numcoment\" title=\"2\">Un algoritmo permite a los m\u00e9dicos de familia conocer si sus pacientes padecer\u00e1n la enfermedad<\/p>\n<figure><span class=\"imagen\"><img decoding=\"async\" class=\"resize-img\" src=\"http:\/\/www.abc.es\/media\/salud\/2016\/01\/20\/demencia--620x349.jpg\" alt=\"La demencia podr\u00eda diagnosticarse de forma precoz, e incluso predecirse con cinco a\u00f1os de antelaci\u00f3n, durante una vista rutinaria en el centro de salud\" \/><\/span><figcaption class=\"pie-foto gris-oscuro bg-gris-ultra-claro\"> La demencia podr\u00eda diagnosticarse de forma precoz, e incluso predecirse con cinco a\u00f1os de antelaci\u00f3n, durante una vista rutinaria en el centro de salud <span class=\"gris-medio\">&#8211; IXABAY<\/span><\/figcaption><\/figure>\n<footer class=\"data gris-medio borde-abajo\"><span class=\"bloque\"><strong>M. L\u00d3PEZ<\/strong> &#8211; <a class=\"alter\" href=\"https:\/\/twitter.com\/@abc_salud\">@abc_salud<\/a><strong>Madrid<\/strong> &#8211; 20\/01\/2016 a las 17:26:09h. &#8211; Act. a las <strong class=\"rojo-oscuro\">20:11:20h.<\/strong><\/span><span class=\"bloque\">Guardado en: <a class=\"alter\" href=\"http:\/\/www.abc.es\/salud\/\"><strong> Salud <\/strong><\/a><a class=\"alter\" href=\"http:\/\/www.abc.es\/salud\/enfermedades\/\"> , Enfermedades <\/a><\/span><\/footer>\n<div>\n<p>A d\u00eda de hoy, diagnosticar precozmente la demencia requiere de numerosas pruebas que implican a un variado grupo de especialistas \u2013desde m\u00e9dicos de Atenci\u00f3n Primaria a geriatras y neur\u00f3logos\u2013. Y a ello se suma no s\u00f3lo el coste, elevado, de las pruebas, sino tambi\u00e9n el tiempo que debe invertir el paciente en completar todas las pruebas. Sin embargo, la demencia podr\u00eda diagnosticarse de forma precoz, e incluso predecirse con cinco a\u00f1os de antelaci\u00f3n, durante una vista rutinaria en el centro de salud. As\u00ed lo muestra un estudio llevado a cabo por investigadores del <a href=\"http:\/\/www.ucl.ac.uk\/\">Colegio Universitario de Londres<\/a> (Reino Unido) y publicado en la revista \u00ab<a href=\"https:\/\/bmcmedicine.biomedcentral.com\/\">BMC Medicine<\/a>\u00bb.<\/p>\n<p>Concretamente,<strong> los investigadores han desarrollado un algoritmo que, a partir del an\u00e1lisis de cuatro variables del paciente, podr\u00eda predecir su riesgo de desarrollar demencia en los pr\u00f3ximos cinco a\u00f1os<\/strong>. Y para ello, tan s\u00f3lo deben introducirse los datos de cada una de las variables en un ordenador.<\/p>\n<p>Como destaca Kate Walters, directora de la investigaci\u00f3n, \u00abnuestro algoritmo resulta especialmente \u00fatil para identificar a aquellas personas con un bajo riesgo de desarrollar demencia. En definitiva, podr\u00eda ayudar, y mucho, a aquellos m\u00e9dicos de Atenci\u00f3n Primaria cuyos pacientes sientan una gran ansiedad ante el posible desarrollo de la enfermedad\u00bb.<\/p>\n<div id=\"roba_cintillo-id\"><\/div>\n<h2>Predecir la demencia<\/h2>\n<p>En un primer lugar, los investigadores identificaron las variables a incluir en el algoritmo \u2013bautizado como \u2018Dementia Risk Score\u2019 o \u2018Escala de Puntuaci\u00f3n del Riesgo de Demencia\u2019\u2013 a partir del an\u00e1lisis de los historiales m\u00e9dicos de 930.395 pacientes que no padec\u00edan demencia, deterioro cognitivo o problemas de memoria en el momento de su inclusi\u00f3n en la \u2018Red de Mejora de la Salud\u2019 (THIN) de Reino Unido.<\/p>\n<p>El an\u00e1lisis de los datos recogidos entre los a\u00f1os 2000 y 2011 permiti\u00f3 agrupar los factores de riesgo para la demencia en cuatro variables: medidas sociodemogr\u00e1ficas \u2013como la edad o el g\u00e9nero\u2013; medidas sobre la salud y el estilo de vida \u2013entre otras, la presi\u00f3n sangu\u00ednea, el \u00edndice de masa corporal (IMC) o el consumo de alcohol\u2013; enfermedades diagnosticadas \u2013como la diabetes o la enfermedad cardiovascular\u2013; y la medicaci\u00f3n del paciente.<\/p>\n<p>Como apuntan los autores, \u00ablo que hicimos fue evaluar la asociaci\u00f3n de estas variables con los nuevos diagn\u00f3sticos de demencia durante un per\u00edodo de cinco a\u00f1os\u00bb. Y dado que constataron la existencia de esta asociaci\u00f3n, las incluyeron en el algoritmo.<\/p>\n<blockquote class=\"azul-ultra-oscuro literal\"><p>Nuestro algoritmo resulta especialmente \u00fatil para identificar a aquellas personas con un bajo riesgo de desarrollar demencia<span class=\"atribucion gris-medio\">Kate Walters<\/span><\/p><\/blockquote>\n<p>Posteriormente, y una vez programado el algoritmo, los autores reclutaron a un total de 264.224 pacientes adicionales sin signos de demencia con objeto de evaluar su precisi\u00f3n.<\/p>\n<h2>\u00datil hasta los 80 a\u00f1os<\/h2>\n<p>Todos los pacientes \u2013los reclutados tanto durante el desarrollo del algoritmo como en la fase de validaci\u00f3n de su eficacia\u2013 fueron incluidos en dos grupos en funci\u00f3n de su edad: de 60 a 79 a\u00f1os; y de 80 a 95 a\u00f1os. Como recuerdan los autores, \u00abel riesgo de demencia se incrementa significativamente a partir de los 80 a\u00f1os. Adem\u00e1s, los factores de riesgo tienen una distribuci\u00f3n distinta seg\u00fan una poblaci\u00f3n tenga m\u00e1s o menos de 80 a\u00f1os\u00bb.<\/p>\n<p>Los resultados mostraron que <strong>el algoritmo era eficaz para predecir qu\u00e9 personas con edades comprendidas entre los 60 y los 79 a\u00f1os desarrollar\u00edan demencia en los pr\u00f3ximos cinco a\u00f1os<\/strong>. No as\u00ed en el grupo de mayores de 80 a\u00f1os, \u00abpor lo que en este grupo de edad necesitamos un enfoque distinto que vaya m\u00e1s all\u00e1 de los factores de riesgo utilizados tradicionalmente en los modelos de evaluaci\u00f3n de la demencia\u00bb.<\/p>\n<p>Y este algoritmo, \u00bftambi\u00e9n puede ser utilizado en Espa\u00f1a? Muy posiblemente, pero los autores recomiendan que se hagan que los factores de riesgo de demencia incluidos en las variables sean espec\u00edficos para cada pa\u00eds, pues podr\u00edan ser diferentes.<\/p>\n<p>Adem\u00e1s, concluye Kate Walters, \u00abes necesario que sea evaluado en otras poblaciones independientes antes de que se utilice de forma rutinaria. Adem\u00e1s, tambi\u00e9n deben considerarse las posibles implicaciones \u00e9ticas que pueden derivarse de su uso\u00bb.<\/p>\n<\/div>\n<p>&nbsp;<\/p>\n","protected":false},"excerpt":{"rendered":"<p>Un algoritmo permite a los m\u00e9dicos de familia conocer si sus pacientes padecer\u00e1n la enfermedad La demencia podr\u00eda diagnosticarse de forma precoz, e incluso predecirse con cinco a\u00f1os de antelaci\u00f3n, durante una vista rutinaria en el centro de salud &#8211; IXABAY M. L\u00d3PEZ &#8211; @abc_saludMadrid &#8211; 20\/01\/2016 a las 17:26:09h. &#8211; Act. a las 20:11:20h.Guardado&#8230;<\/p>\n","protected":false},"author":1,"featured_media":0,"comment_status":"closed","ping_status":"open","sticky":false,"template":"","format":"standard","meta":{"_kadence_starter_templates_imported_post":false,"_kad_post_transparent":"","_kad_post_title":"","_kad_post_layout":"","_kad_post_sidebar_id":"","_kad_post_content_style":"","_kad_post_vertical_padding":"","_kad_post_feature":"","_kad_post_feature_position":"","_kad_post_header":false,"_kad_post_footer":false,"_kad_post_classname":"","_jetpack_newsletter_access":"","_jetpack_dont_email_post_to_subs":false,"_jetpack_newsletter_tier_id":0,"_jetpack_memberships_contains_paywalled_content":false,"_jetpack_memberships_contains_paid_content":false,"footnotes":""},"categories":[6],"tags":[],"class_list":["post-96","post","type-post","status-publish","format-standard","hentry","category-noticias-sobre-salud"],"jetpack_sharing_enabled":true,"jetpack_featured_media_url":"","post_mailing_queue_ids":[],"_links":{"self":[{"href":"https:\/\/expertosenetica.com\/index.php\/wp-json\/wp\/v2\/posts\/96","targetHints":{"allow":["GET"]}}],"collection":[{"href":"https:\/\/expertosenetica.com\/index.php\/wp-json\/wp\/v2\/posts"}],"about":[{"href":"https:\/\/expertosenetica.com\/index.php\/wp-json\/wp\/v2\/types\/post"}],"author":[{"embeddable":true,"href":"https:\/\/expertosenetica.com\/index.php\/wp-json\/wp\/v2\/users\/1"}],"replies":[{"embeddable":true,"href":"https:\/\/expertosenetica.com\/index.php\/wp-json\/wp\/v2\/comments?post=96"}],"version-history":[{"count":0,"href":"https:\/\/expertosenetica.com\/index.php\/wp-json\/wp\/v2\/posts\/96\/revisions"}],"wp:attachment":[{"href":"https:\/\/expertosenetica.com\/index.php\/wp-json\/wp\/v2\/media?parent=96"}],"wp:term":[{"taxonomy":"category","embeddable":true,"href":"https:\/\/expertosenetica.com\/index.php\/wp-json\/wp\/v2\/categories?post=96"},{"taxonomy":"post_tag","embeddable":true,"href":"https:\/\/expertosenetica.com\/index.php\/wp-json\/wp\/v2\/tags?post=96"}],"curies":[{"name":"wp","href":"https:\/\/api.w.org\/{rel}","templated":true}]}}